{"id":1441,"date":"2010-05-31T10:48:26","date_gmt":"2010-05-31T09:48:26","guid":{"rendered":"http:\/\/www.caths.cz\/wordpress\/?p=1441"},"modified":"2010-05-31T10:48:26","modified_gmt":"2010-05-31T09:48:26","slug":"svetovy-pohar-strelcu-pokracoval-v-nemecku-a-ve-francii","status":"publish","type":"post","link":"https:\/\/www.caths.cz\/wordpress\/svetovy-pohar-strelcu-pokracoval-v-nemecku-a-ve-francii\/","title":{"rendered":"Sv\u011btov\u00fd poh\u00e1r st\u0159elc\u016f pokra\u010doval v N\u011bmecku a ve Francii"},"content":{"rendered":"<p align=\"justify\">\nNa\u0161i t\u011blesn\u011b posti\u017een\u00ed st\u0159elci se v kv\u011btnu z\u00fa\u010dastnili t\u0159et\u00edho a \u010dtvrt\u00e9ho kola Sv\u011btov\u00e9ho poh\u00e1ru, kter\u00e1 se konala v hessensk\u00e9m Bad Orbu a ve francouzsk\u00e9m Volmerange. Na rozd\u00edl od prvn\u00edch dvou kol konan\u00fdch v p\u0159edchoz\u00edch m\u011bs\u00edc\u00edch v Polsku a Turecku (bez na\u0161\u00ed \u00fa\u010dasti), byly na programu nejen vzduchovkov\u00e9, ale i kulov\u00e9 discipl\u00edny, kter\u00e9 jsou p\u0159edev\u0161\u00edm dom\u00e9nou na\u0161ich st\u0159elc\u016f.<\/p>\n<p align=\"justify\"> Zat\u00edmco v Bad Orbu sout\u011b\u017eilo 188 sportovc\u016f z 26 zem\u00ed z Evropy, Austr\u00e1lie i severn\u00ed Ameriky, pak ve Volmerange to ji\u017e bylo p\u0159es 200 sportovc\u016f z 32 zem\u00ed (nav\u00edc z Asie, ji\u017en\u00ed Ameriky a z Afriky). Lo\u0148sk\u00e9 i leto\u0161n\u00ed mezin\u00e1rodn\u00ed st\u0159eleck\u00e9 z\u00e1vody jsou kvalifika\u010dn\u00edmi sout\u011b\u017eemi pro \u00fa\u010dast na \u010dervencov\u00e9m MS v chorvatsk\u00e9m Z\u00e1h\u0159ebu a na leto\u0161n\u00edch sout\u011b\u017e\u00edch je mo\u017enost splnit limity pro \u00fa\u010dast na LPH 2012 v Lond\u00fdn\u011b.<\/p>\n<p> Na\u0161i st\u0159elci potvrdili svou p\u0159\u00edslu\u0161nost ke sv\u011btov\u00e9 \u0161pi\u010dce, ale technick\u00e9 probl\u00e9my se sportovn\u00ed pistol\u00ed bohu\u017eel vy\u0159adily v Bad Orbu Miroslava Krystyn\u00edka z \u00fa\u010dasti na leto\u0161n\u00edm MS a ve Volmerange ji\u017e nestartoval. <\/p>\n<p> V Bad Orbu ve vzduchov\u00e9 pistoli P1\/VzPi60 obsadili R. Gronsk\u00fd 35.m\u00edsto s n\u00e1st\u0159elem 530 bod\u016f, Vl. Mar\u010dan 37. m\u00edsto\/528 bod\u016f a M. Krystyn\u00edk 39. m\u00edsto\/524bod\u016f. <br \/> Ve sportovn\u00ed pistoli P3\/SP 30+30 obsadil Mar\u010dan 22. m\u00edsto s n\u00e1st\u0159elem 538 bod\u016f, Krystyn\u00edk 26. m\u00edsto\/524 bod\u016f a Gronsk\u00fd 32. m\u00edsto\/512 bod\u016f. <br \/> Ve Volmerange dob\u0159e zast\u0159\u00edlel svou st\u011b\u017eejn\u00ed disciplinu P3 Vl. Mar\u010dan, kter\u00fd sv\u00fdm v\u00fdkonem 544 bod\u016f obsadil nejen 17. m\u00edsto, ale nav\u00edc splnil mezin\u00e1rodn\u00ed kvalifika\u010dn\u00ed limit pro \u00fa\u010dast na LPH 2012. Gronsk\u00fd s n\u00e1st\u0159elem 520 bod\u016f obsadil 29. m\u00edsto. Ve vzduchov\u00e9 pistoli P1 Mar\u010dan skon\u010dil na 46. m\u00edst\u011b s n\u00e1st\u0159elem 524 bod\u016f a Gronsk\u00fd na 48. m\u00edst\u011b s 512 body.<\/p>\n<p> Posledn\u00edho leto\u0161n\u00edho kola sv\u011btov\u00e9ho poh\u00e1ru p\u0159ed MS v \u010dervnu ve \u0161pan\u011blsk\u00e9m Alicante se vzhledem k finan\u010dn\u00ed n\u00e1ro\u010dnosti na\u0161i reprezentanti ji\u017e nez\u00fa\u010dastn\u00ed, a tak nezb\u00fdv\u00e1 ne\u017e doufat, \u017ee formu v dom\u00e1c\u00edch podm\u00ednk\u00e1ch vylad\u00ed tak, aby v \u010dervenci na MS v Chorvatsku usp\u011bli. <\/p>\n<p><strong>Vstup do fotogalerie <a href=\"http:\/\/www.caths.cz\/index.php?page=galerie&#038;level=album&#038;id=81\"><font color=\"#0066CC\"> zde<\/font><\/a><\/strong> <\/p>\n<p><img decoding=\"async\" src=\"\/wordpress\/image\/k_clankum\/IMG_7347.JPG\"> <\/p>\n","protected":false},"excerpt":{"rendered":"<a href=\"https:\/\/www.caths.cz\/wordpress\/svetovy-pohar-strelcu-pokracoval-v-nemecku-a-ve-francii\/\"><img loading=\"lazy\" decoding=\"async\" width=\"100\" height=\"100\" src=\"https:\/\/www.caths.cz\/wordpress\/wp-content\/plugins\/thumbnail-for-excerpts\/tfe_no_thumb.png\" class=\"alignleft wp-post-image tfe\" alt=\"\" title=\"\" \/><\/a><p>Na\u0161i t\u011blesn\u011b posti\u017een\u00ed st\u0159elci se v kv\u011btnu z\u00fa\u010dastnili t\u0159et\u00edho a \u010dtvrt\u00e9ho kola Sv\u011btov\u00e9ho poh\u00e1ru, kter\u00e1 se konala v hessensk\u00e9m Bad Orbu a ve francouzsk\u00e9m Volmerange. Na rozd\u00edl od prvn\u00edch dvou [&hellip;]<\/p>\n","protected":false},"author":1,"featured_media":0,"comment_status":"closed","ping_status":"closed","sticky":false,"template":"","format":"standard","meta":{"ngg_post_thumbnail":0,"footnotes":""},"categories":[18],"tags":[],"class_list":["post-1441","post","type-post","status-publish","format-standard","hentry","category-strelba"],"_links":{"self":[{"href":"https:\/\/www.caths.cz\/wordpress\/wp-json\/wp\/v2\/posts\/1441","targetHints":{"allow":["GET"]}}],"collection":[{"href":"https:\/\/www.caths.cz\/wordpress\/wp-json\/wp\/v2\/posts"}],"about":[{"href":"https:\/\/www.caths.cz\/wordpress\/wp-json\/wp\/v2\/types\/post"}],"author":[{"embeddable":true,"href":"https:\/\/www.caths.cz\/wordpress\/wp-json\/wp\/v2\/users\/1"}],"replies":[{"embeddable":true,"href":"https:\/\/www.caths.cz\/wordpress\/wp-json\/wp\/v2\/comments?post=1441"}],"version-history":[{"count":0,"href":"https:\/\/www.caths.cz\/wordpress\/wp-json\/wp\/v2\/posts\/1441\/revisions"}],"wp:attachment":[{"href":"https:\/\/www.caths.cz\/wordpress\/wp-json\/wp\/v2\/media?parent=1441"}],"wp:term":[{"taxonomy":"category","embeddable":true,"href":"https:\/\/www.caths.cz\/wordpress\/wp-json\/wp\/v2\/categories?post=1441"},{"taxonomy":"post_tag","embeddable":true,"href":"https:\/\/www.caths.cz\/wordpress\/wp-json\/wp\/v2\/tags?post=1441"}],"curies":[{"name":"wp","href":"https:\/\/api.w.org\/{rel}","templated":true}]}}