{"id":1440,"date":"2010-05-30T09:27:59","date_gmt":"2010-05-30T08:27:59","guid":{"rendered":"http:\/\/www.caths.cz\/wordpress\/?p=1440"},"modified":"2010-05-30T09:27:59","modified_gmt":"2010-05-30T08:27:59","slug":"videa-z-cp-mtb-handicapovanych-v-mlade-boleslavi","status":"publish","type":"post","link":"https:\/\/www.caths.cz\/wordpress\/videa-z-cp-mtb-handicapovanych-v-mlade-boleslavi\/","title":{"rendered":"Videa z \u010cP MTB handicapovan\u00fdch v Mlad\u00e9 Boleslavi"},"content":{"rendered":"<p>Dal\u0161\u00ed video Tom\u00e1\u0161e Poucha ze z\u00e1vod\u016f \u010cP horsk\u00fdch kol handicapovan\u00fdch, tentokr\u00e1t z Mlad\u00e9 Boleslavi <a href=\"http:\/\/www.youtube.com\/watch?v=eeF6lVHMoGg\"><font color=\"#0066CC\"> zde<\/font><\/a><br \/>\na z\u00e1vod o\u010dima &#8222;\u010cern\u00e9ho kon\u011b&#8220; Jakuba Bac\u00edlka<a href=\"http:\/\/www.youtube.com\/watch?v=qpBjrXJKiUg\"><font color=\"#0066CC\"> zde<\/font><\/a><\/p>\n","protected":false},"excerpt":{"rendered":"<a href=\"https:\/\/www.caths.cz\/wordpress\/videa-z-cp-mtb-handicapovanych-v-mlade-boleslavi\/\"><img loading=\"lazy\" decoding=\"async\" width=\"100\" height=\"100\" src=\"https:\/\/www.caths.cz\/wordpress\/wp-content\/plugins\/thumbnail-for-excerpts\/tfe_no_thumb.png\" class=\"alignleft wp-post-image tfe\" alt=\"\" title=\"\" \/><\/a><p>Dal\u0161\u00ed video Tom\u00e1\u0161e Poucha ze z\u00e1vod\u016f \u010cP horsk\u00fdch kol handicapovan\u00fdch, tentokr\u00e1t z Mlad\u00e9 Boleslavi zde a z\u00e1vod o\u010dima &#8222;\u010cern\u00e9ho kon\u011b&#8220; Jakuba Bac\u00edlka zde<\/p>\n","protected":false},"author":1,"featured_media":0,"comment_status":"closed","ping_status":"closed","sticky":false,"template":"","format":"standard","meta":{"ngg_post_thumbnail":0,"footnotes":""},"categories":[40],"tags":[],"class_list":["post-1440","post","type-post","status-publish","format-standard","hentry","category-pojed-s-nami"],"_links":{"self":[{"href":"https:\/\/www.caths.cz\/wordpress\/wp-json\/wp\/v2\/posts\/1440","targetHints":{"allow":["GET"]}}],"collection":[{"href":"https:\/\/www.caths.cz\/wordpress\/wp-json\/wp\/v2\/posts"}],"about":[{"href":"https:\/\/www.caths.cz\/wordpress\/wp-json\/wp\/v2\/types\/post"}],"author":[{"embeddable":true,"href":"https:\/\/www.caths.cz\/wordpress\/wp-json\/wp\/v2\/users\/1"}],"replies":[{"embeddable":true,"href":"https:\/\/www.caths.cz\/wordpress\/wp-json\/wp\/v2\/comments?post=1440"}],"version-history":[{"count":0,"href":"https:\/\/www.caths.cz\/wordpress\/wp-json\/wp\/v2\/posts\/1440\/revisions"}],"wp:attachment":[{"href":"https:\/\/www.caths.cz\/wordpress\/wp-json\/wp\/v2\/media?parent=1440"}],"wp:term":[{"taxonomy":"category","embeddable":true,"href":"https:\/\/www.caths.cz\/wordpress\/wp-json\/wp\/v2\/categories?post=1440"},{"taxonomy":"post_tag","embeddable":true,"href":"https:\/\/www.caths.cz\/wordpress\/wp-json\/wp\/v2\/tags?post=1440"}],"curies":[{"name":"wp","href":"https:\/\/api.w.org\/{rel}","templated":true}]}}