{"id":1429,"date":"2010-05-18T11:14:00","date_gmt":"2010-05-18T10:14:00","guid":{"rendered":"http:\/\/www.caths.cz\/wordpress\/?p=1429"},"modified":"2010-05-18T11:14:00","modified_gmt":"2010-05-18T10:14:00","slug":"mezinarodni-paralympijsky-vybor-se-zaregistroval-na-siti-facebook","status":"publish","type":"post","link":"https:\/\/www.caths.cz\/wordpress\/mezinarodni-paralympijsky-vybor-se-zaregistroval-na-siti-facebook\/","title":{"rendered":"Mezin\u00e1rodn\u00ed paralympijsk\u00fd v\u00fdbor se zaregistroval na s\u00edti Facebook"},"content":{"rendered":"<p>Mezin\u00e1rodn\u00ed paralympijsk\u00fd v\u00fdbor si z\u0159\u00eddil sv\u016fj profil na s\u00edti Facebook.<br \/>\nP\u0159e\u010d\u00edst si aktu\u00e1ln\u00ed zpr\u00e1vy a shl\u00e9dnout nejnov\u011bj\u0161\u00ed videa \u010di fotografie m\u016f\u017eete<br \/>\n<a href=\"http:\/\/www.facebook.com\/ParalympicSport.TV \"><font color=\"#0066CC\"> zde<\/font><\/a><\/p>\n","protected":false},"excerpt":{"rendered":"<a href=\"https:\/\/www.caths.cz\/wordpress\/mezinarodni-paralympijsky-vybor-se-zaregistroval-na-siti-facebook\/\"><img loading=\"lazy\" decoding=\"async\" width=\"100\" height=\"100\" src=\"https:\/\/www.caths.cz\/wordpress\/wp-content\/plugins\/thumbnail-for-excerpts\/tfe_no_thumb.png\" class=\"alignleft wp-post-image tfe\" alt=\"\" title=\"\" \/><\/a><p>Mezin\u00e1rodn\u00ed paralympijsk\u00fd v\u00fdbor si z\u0159\u00eddil sv\u016fj profil na s\u00edti Facebook. P\u0159e\u010d\u00edst si aktu\u00e1ln\u00ed zpr\u00e1vy a shl\u00e9dnout nejnov\u011bj\u0161\u00ed videa \u010di fotografie m\u016f\u017eete zde<\/p>\n","protected":false},"author":1,"featured_media":0,"comment_status":"closed","ping_status":"closed","sticky":false,"template":"","format":"standard","meta":{"ngg_post_thumbnail":0,"footnotes":""},"categories":[6],"tags":[],"class_list":["post-1429","post","type-post","status-publish","format-standard","hentry","category-caths-info"],"_links":{"self":[{"href":"https:\/\/www.caths.cz\/wordpress\/wp-json\/wp\/v2\/posts\/1429","targetHints":{"allow":["GET"]}}],"collection":[{"href":"https:\/\/www.caths.cz\/wordpress\/wp-json\/wp\/v2\/posts"}],"about":[{"href":"https:\/\/www.caths.cz\/wordpress\/wp-json\/wp\/v2\/types\/post"}],"author":[{"embeddable":true,"href":"https:\/\/www.caths.cz\/wordpress\/wp-json\/wp\/v2\/users\/1"}],"replies":[{"embeddable":true,"href":"https:\/\/www.caths.cz\/wordpress\/wp-json\/wp\/v2\/comments?post=1429"}],"version-history":[{"count":0,"href":"https:\/\/www.caths.cz\/wordpress\/wp-json\/wp\/v2\/posts\/1429\/revisions"}],"wp:attachment":[{"href":"https:\/\/www.caths.cz\/wordpress\/wp-json\/wp\/v2\/media?parent=1429"}],"wp:term":[{"taxonomy":"category","embeddable":true,"href":"https:\/\/www.caths.cz\/wordpress\/wp-json\/wp\/v2\/categories?post=1429"},{"taxonomy":"post_tag","embeddable":true,"href":"https:\/\/www.caths.cz\/wordpress\/wp-json\/wp\/v2\/tags?post=1429"}],"curies":[{"name":"wp","href":"https:\/\/api.w.org\/{rel}","templated":true}]}}