{"id":1428,"date":"2010-05-16T19:49:58","date_gmt":"2010-05-16T18:49:58","guid":{"rendered":"http:\/\/www.caths.cz\/wordpress\/?p=1428"},"modified":"2010-05-16T19:49:58","modified_gmt":"2010-05-16T18:49:58","slug":"v-londyne-roste-chram-cyklistiky-pro-olympijske-a-paralympijske-hry-2012","status":"publish","type":"post","link":"https:\/\/www.caths.cz\/wordpress\/v-londyne-roste-chram-cyklistiky-pro-olympijske-a-paralympijske-hry-2012\/","title":{"rendered":"V Lond\u00fdn\u011b roste chr\u00e1m cyklistiky pro olympijsk\u00e9 a paralympijsk\u00e9 hry 2012"},"content":{"rendered":"<p align=\"justify\"> P\u0159\u00edpravn\u00fd v\u00fdbor OH a PH v Lond\u00fdn\u011b ned\u00e1vno zve\u0159ejnil n\u011bkter\u00e9 zaj\u00edmavosti t\u00fdkaj\u00edc\u00ed se nov\u011b budovan\u00fdch sportovi\u0161\u0165.<br \/> P\u0159edstavme si nyn\u00ed projekt nov\u011b budovan\u00e9ho velodromu. Cyklistika, dr\u00e1hov\u00e1 p\u0159edev\u0161\u00edm, p\u0159edstavuje pro Angli\u010dany jeden z n\u00e1rodn\u00edch sport\u016f, a tak t\u00e9to stavb\u011b v\u011bnuj\u00ed n\u00e1le\u017eitou pozornost.<br \/> Ov\u0161em je pot\u0159eba konstatovat, \u017ee velodrom opravdu bude st\u00e1t za to. Jedn\u00e1 se supermodern\u00ed rozs\u00e1hl\u00fd cyklistick\u00fd komplex s venkovn\u00edmi drahami a tr\u00e9ninkov\u00fdmi trasami. <br \/> V\u00fdstavba veloparku byla zah\u00e1jena v b\u0159eznu 2009 a jeho dokon\u010den\u00ed je pl\u00e1nov\u00e1no na za\u010d\u00e1tek roku 2011, aby bylo mo\u017en\u00e9 dr\u00e1hy otestovat p\u0159ed samotn\u00fdmi hrami. <br \/>Po\u0159adatel\u00e9 p\u0159edpokl\u00e1daj\u00ed, \u017ee p\u0159ed olympi\u00e1dou a paralympi\u00e1dou bude velodrom hostit nejlep\u0161\u00ed cyklisty sv\u011bta, aby dr\u00e1ha ze vz\u00e1cn\u00e9ho d\u0159eva sibi\u0159sk\u00e9 borovice pro\u0161la d\u016fkladn\u00fdmi zkou\u0161kami a m\u011bla pot\u0159ebn\u00fd \u010das n\u00e1le\u017eit\u011b uzr\u00e1t a z\u00edskat tak svou optim\u00e1ln\u00ed rychlost. Je tedy velmi pravd\u011bpodobn\u00e9, \u017ee si nov\u00fd velodrom bude moci p\u0159ed paralympi\u00e1dou &#8222;vyzkou\u0161et&#8220; i n\u00e1\u0161 reprezenta\u010dn\u00ed t\u00fdm.<br \/> Velodrom po\u010d\u00edt\u00e1 se 6000 st\u00e1l\u00fdmi sedadly, cel\u00e1 stavba je kryt\u00e1. Design z\u00e1vodi\u0161t\u011b navrhla skupina slo\u017een\u00e1 z renomovan\u00fdch architektonick\u00fdch studi\u00ed Hopkins Architects, Expedition Engineering, BDSP a Grant Associates. N\u00e1vrh posoudil jeden z v\u011bhlasn\u00fdch sv\u011btov\u00fdch design\u00e9r\u016f a z\u00e1rove\u0148 nositel zlat\u00e9 olympijsk\u00e9 medaile za cyklistiku Chris Hoy.<br \/> Po skon\u010den\u00ed her bude VeloPark otev\u0159en m\u00edstn\u00edm klub\u016fm a skupin\u00e1m, z\u00e1rove\u0148 bude slou\u017eit k tr\u00e9ninku elitn\u00edm atlet\u016fm. <\/p>\n<p> Stavba velodromu v sekvenc\u00edch web kamery <a href=\"http:\/\/www.london2012.com\/webcams\/velodrome.php\"><font color=\"#0066CC\"> zde<\/font><\/a><br \/> Virtu\u00e1ln\u00ed prohl\u00eddka \u2013 leden 2010 <a href=\"http:\/\/www.london2012.com\/virtual-tours\/velodrome-january-2010.php\"><font color=\"#0066CC\"> zde<\/font><\/a><br \/> Virtu\u00e1ln\u00ed prohl\u00eddka \u2013 duben 2010 <a href=\"http:\/\/www.london2012.com\/virtual-tours\/velodrome-april-2010.php\"><font color=\"#0066CC\"> zde<\/font><\/a><br \/> Animace &#8211; video <a href=\"http:\/\/www.novinky.cz\/bydleni\/167335-londyn-stavi-pro-pristi-olympiadu-novy-velopark.html\"><font color=\"#0066CC\"> zde<\/font><\/a><\/p>\n<p> <img decoding=\"async\" src=\"\/wordpress\/image\/k_clankum\/velolondon.png\"> <br \/> FOTO: Archiv firmy london2012.com<\/p>\n","protected":false},"excerpt":{"rendered":"<a href=\"https:\/\/www.caths.cz\/wordpress\/v-londyne-roste-chram-cyklistiky-pro-olympijske-a-paralympijske-hry-2012\/\"><img loading=\"lazy\" decoding=\"async\" width=\"100\" height=\"100\" src=\"https:\/\/www.caths.cz\/wordpress\/wp-content\/plugins\/thumbnail-for-excerpts\/tfe_no_thumb.png\" class=\"alignleft wp-post-image tfe\" alt=\"\" title=\"\" \/><\/a><p>P\u0159\u00edpravn\u00fd v\u00fdbor OH a PH v Lond\u00fdn\u011b ned\u00e1vno zve\u0159ejnil n\u011bkter\u00e9 zaj\u00edmavosti t\u00fdkaj\u00edc\u00ed se nov\u011b budovan\u00fdch sportovi\u0161\u0165. P\u0159edstavme si nyn\u00ed projekt nov\u011b budovan\u00e9ho velodromu. Cyklistika, dr\u00e1hov\u00e1 p\u0159edev\u0161\u00edm, p\u0159edstavuje pro Angli\u010dany jeden [&hellip;]<\/p>\n","protected":false},"author":1,"featured_media":0,"comment_status":"closed","ping_status":"closed","sticky":false,"template":"","format":"standard","meta":{"ngg_post_thumbnail":0,"footnotes":""},"categories":[41],"tags":[],"class_list":["post-1428","post","type-post","status-publish","format-standard","hentry","category-lph-londyn-2012"],"_links":{"self":[{"href":"https:\/\/www.caths.cz\/wordpress\/wp-json\/wp\/v2\/posts\/1428","targetHints":{"allow":["GET"]}}],"collection":[{"href":"https:\/\/www.caths.cz\/wordpress\/wp-json\/wp\/v2\/posts"}],"about":[{"href":"https:\/\/www.caths.cz\/wordpress\/wp-json\/wp\/v2\/types\/post"}],"author":[{"embeddable":true,"href":"https:\/\/www.caths.cz\/wordpress\/wp-json\/wp\/v2\/users\/1"}],"replies":[{"embeddable":true,"href":"https:\/\/www.caths.cz\/wordpress\/wp-json\/wp\/v2\/comments?post=1428"}],"version-history":[{"count":0,"href":"https:\/\/www.caths.cz\/wordpress\/wp-json\/wp\/v2\/posts\/1428\/revisions"}],"wp:attachment":[{"href":"https:\/\/www.caths.cz\/wordpress\/wp-json\/wp\/v2\/media?parent=1428"}],"wp:term":[{"taxonomy":"category","embeddable":true,"href":"https:\/\/www.caths.cz\/wordpress\/wp-json\/wp\/v2\/categories?post=1428"},{"taxonomy":"post_tag","embeddable":true,"href":"https:\/\/www.caths.cz\/wordpress\/wp-json\/wp\/v2\/tags?post=1428"}],"curies":[{"name":"wp","href":"https:\/\/api.w.org\/{rel}","templated":true}]}}