{"id":1425,"date":"2010-05-13T13:51:54","date_gmt":"2010-05-13T12:51:54","guid":{"rendered":"http:\/\/www.caths.cz\/wordpress\/?p=1425"},"modified":"2010-05-13T13:51:54","modified_gmt":"2010-05-13T12:51:54","slug":"o-vikendu-probehl-v-liberci-turnaj-ve-stolnim-tenise-memorial-josefa-kostejna","status":"publish","type":"post","link":"https:\/\/www.caths.cz\/wordpress\/o-vikendu-probehl-v-liberci-turnaj-ve-stolnim-tenise-memorial-josefa-kostejna\/","title":{"rendered":"O v\u00edkendu prob\u011bhl v Liberci turnaj ve stoln\u00edm tenise Memori\u00e1l Josefa Ko\u0161tejna"},"content":{"rendered":"<p align=\"justify\">\n<p>I.ro\u010dn\u00edk Memori\u00e1lu  J.Ko\u0161tejna \u2013 turnaj ve stoln\u00edm tenise voz\u00ed\u010dk\u00e1\u0159\u016f, po\u0159\u00e1dan\u00fd Klubem aktivn\u00edch voz\u00ed\u010dk\u00e1\u0159\u016f, se uskute\u010dnil 8.5. v Liberci. <\/p>\n<p align=\"justify\">Turnaj prob\u011bhl ve spolupr\u00e1ci s \u010cATHS a Svazem paraplegik\u016f, za finan\u010dn\u00ed podpory sportovn\u00edho fondu SM Liberce a S group SPORT FACILITY MANAGEMENT ze sb\u00edrky \u201eP\u0159ilo\u017e ruku k d\u00edlu\u201c. <br \/>Turnaje se z\u00fa\u010dastnilo 21 hr\u00e1\u010d\u016f z cel\u00e9 \u010cR. Sout\u011b\u017eilo se ve \u010dty\u0159ech skupin\u00e1ch a n\u00e1sledn\u011b ve skupin\u00e1ch A a B syst\u00e9mem K.O. na 1 por\u00e1\u017eku. <br \/>V\u00edt\u011bzem memori\u00e1lu a skupiny A se stal Michal Stefanu.<br \/> Memori\u00e1l se hr\u00e1l ve 4 skupin\u00e1ch syst\u00e9mem ka\u017ed\u00fd s ka\u017ed\u00fdm. Prvn\u00ed 3 ze skupiny postupovali do kola v\u00edt\u011bz\u016f (skupina A), a na dal\u0161\u00edch po\u0159ad\u00edch, do kola pora\u017een\u00fdch (skupina B), kde se hr\u00e1lo syst\u00e9mem K.O. na jednu por\u00e1\u017eku. <\/p>\n<p><strong> FIN\u00c1LE \u2013 CELKOV\u00c9 PO\u0158AD\u00cd:<\/strong><br \/> Skupina A<br \/> 1. Michal Stefanu (v\u00edt\u011bz memori\u00e1lu), 2. Jan Suja, 3. Tom\u00e1\u0161 P\u0159ibyl a Vladim\u00edr Kadl\u00edk <br \/> Skupina B <br \/> 1. Ivo Melkus, 2. Petr Savo\u0161, 3. Ji\u0159\u00ed Bobek a Ladislav Moty\u010dka <\/p>\n<p> <img decoding=\"async\" src=\"\/wordpress\/image\/k_clankum\/kostejn10\/tabkostejn.png\"> <\/p>\n<p> <img decoding=\"async\" src=\"\/wordpress\/image\/k_clankum\/kostejn10\/img00005.jpg\"> <\/p>\n<p> <img decoding=\"async\" src=\"\/wordpress\/image\/k_clankum\/kostejn10\/img00015.jpg\"> <\/p>\n<p> <img decoding=\"async\" src=\"\/wordpress\/image\/k_clankum\/kostejn10\/img00017.jpg\"> <\/p>\n<p> <img decoding=\"async\" src=\"\/wordpress\/image\/k_clankum\/kostejn10\/img00018.jpg\"> <\/p>\n<p> <img decoding=\"async\" src=\"\/wordpress\/image\/k_clankum\/kostejn10\/img00019.jpg\"> <\/p>\n<p> <img decoding=\"async\" src=\"\/wordpress\/image\/k_clankum\/kostejn10\/img00024.jpg\"> <\/p>\n<p> <img decoding=\"async\" src=\"\/wordpress\/image\/k_clankum\/kostejn10\/img00028.jpg\"> <\/p>\n","protected":false},"excerpt":{"rendered":"<a href=\"https:\/\/www.caths.cz\/wordpress\/o-vikendu-probehl-v-liberci-turnaj-ve-stolnim-tenise-memorial-josefa-kostejna\/\"><img loading=\"lazy\" decoding=\"async\" width=\"100\" height=\"100\" src=\"https:\/\/www.caths.cz\/wordpress\/wp-content\/plugins\/thumbnail-for-excerpts\/tfe_no_thumb.png\" class=\"alignleft wp-post-image tfe\" alt=\"\" title=\"\" \/><\/a><p>I.ro\u010dn\u00edk Memori\u00e1lu J.Ko\u0161tejna \u2013 turnaj ve stoln\u00edm tenise voz\u00ed\u010dk\u00e1\u0159\u016f, po\u0159\u00e1dan\u00fd Klubem aktivn\u00edch voz\u00ed\u010dk\u00e1\u0159\u016f, se uskute\u010dnil 8.5. v Liberci. Turnaj prob\u011bhl ve spolupr\u00e1ci s \u010cATHS a Svazem paraplegik\u016f, za finan\u010dn\u00ed podpory [&hellip;]<\/p>\n","protected":false},"author":1,"featured_media":0,"comment_status":"closed","ping_status":"closed","sticky":false,"template":"","format":"standard","meta":{"ngg_post_thumbnail":0,"footnotes":""},"categories":[19],"tags":[],"class_list":["post-1425","post","type-post","status-publish","format-standard","hentry","category-stolni-tenis"],"_links":{"self":[{"href":"https:\/\/www.caths.cz\/wordpress\/wp-json\/wp\/v2\/posts\/1425","targetHints":{"allow":["GET"]}}],"collection":[{"href":"https:\/\/www.caths.cz\/wordpress\/wp-json\/wp\/v2\/posts"}],"about":[{"href":"https:\/\/www.caths.cz\/wordpress\/wp-json\/wp\/v2\/types\/post"}],"author":[{"embeddable":true,"href":"https:\/\/www.caths.cz\/wordpress\/wp-json\/wp\/v2\/users\/1"}],"replies":[{"embeddable":true,"href":"https:\/\/www.caths.cz\/wordpress\/wp-json\/wp\/v2\/comments?post=1425"}],"version-history":[{"count":0,"href":"https:\/\/www.caths.cz\/wordpress\/wp-json\/wp\/v2\/posts\/1425\/revisions"}],"wp:attachment":[{"href":"https:\/\/www.caths.cz\/wordpress\/wp-json\/wp\/v2\/media?parent=1425"}],"wp:term":[{"taxonomy":"category","embeddable":true,"href":"https:\/\/www.caths.cz\/wordpress\/wp-json\/wp\/v2\/categories?post=1425"},{"taxonomy":"post_tag","embeddable":true,"href":"https:\/\/www.caths.cz\/wordpress\/wp-json\/wp\/v2\/tags?post=1425"}],"curies":[{"name":"wp","href":"https:\/\/api.w.org\/{rel}","templated":true}]}}