{"id":1422,"date":"2010-05-11T16:51:51","date_gmt":"2010-05-11T15:51:51","guid":{"rendered":"http:\/\/www.caths.cz\/wordpress\/?p=1422"},"modified":"2010-05-11T16:51:51","modified_gmt":"2010-05-11T15:51:51","slug":"pozvanka-na-treti-vypravu-na-kance-a-qua-cup-2010","status":"publish","type":"post","link":"https:\/\/www.caths.cz\/wordpress\/pozvanka-na-treti-vypravu-na-kance-a-qua-cup-2010\/","title":{"rendered":"Pozv\u00e1nka na t\u0159et\u00ed V\u00fdpravu na kance a QUA CUP 2010"},"content":{"rendered":"<p align=\"justify\">\n26. \u010dervna se ji\u017e po t\u0159et\u00ed sejdeme na n\u00e1vsi Nov\u00fdch Jiren, abychom si op\u011bt u\u017eili p\u0159\u00e1telskou vyj\u00ed\u017e\u010fku na kolech v\u0161eho druhu. Je tradic\u00ed, \u017ee hlavn\u00edmi hosty jsou voz\u00ed\u010dk\u00e1\u0159i, kte\u0159\u00ed na sv\u00fdch speci\u00e1lech (handbike) ur\u010duj\u00ed rytmus j\u00edzdy.\n<\/p>\n<p align=\"justify\"> Prvn\u00ed ro\u010dn\u00edk v\u00fdpravu vedl jedin\u00fd handbike, osedlan\u00fd Mirkem Pitrou, na druh\u00e9m ro\u010dn\u00edku, i p\u0159es de\u0161tiv\u00fd den, byly handbiky t\u0159i (Mirek Pitra, Zden\u011bk Kirch a Honza Tom\u00e1nek) v doprovodu t\u0159iceti cyklist\u016f. T\u0159et\u00ed ro\u010dn\u00edk bude m\u00edt op\u011bt n\u00e1r\u016fst handbik\u016f. Ji\u017e te\u010f m\u00e1me hl\u00e1\u0161eno asi deset voz\u00ed\u010dk\u00e1\u0159\u016f a tak\u00e9 o\u010dek\u00e1v\u00e1me zv\u00fd\u0161en\u00fd n\u00e1r\u016fst cyklist\u016f. Proto jsme leto\u0161n\u00ed, t\u0159et\u00ed ro\u010dn\u00edk, pojali trochu jinak. <br \/> Tedy pro ty, co cht\u011bj\u00ed jet pohodovou j\u00edzdu, se nic nem\u011bn\u00ed. V\u00fdprava na kance se op\u011bt pojede \u201elang-zam\u201c za doprovodu vozidla s maj\u00e1\u010dkem. <br \/> Ale ti, co si cht\u011bj\u00ed den u\u017e\u00edt netradi\u010dn\u00edm pozn\u00e1vac\u00edm orien\u0165\u00e1kem, se maj\u00ed na co t\u011b\u0161it. V\u00e1clav Vok p\u0159ipravil QUA CUP 2010. O detailech orien\u0165\u00e1ku nebudeme nic prozrazovat, abychom V\u00e1s m\u011bli p\u011bkn\u011b neznal\u00e9 \u00fakol\u016f a c\u00edl\u016f. Jen dod\u00e1m, \u017ee prioritn\u00ed je nalezen\u00ed v\u0161ech m\u00edst a spln\u011bn\u00ed \u00fakol\u016f. Pak a\u017e rozhoduje \u010das. <\/p>\n<p> Ob\u011b tyto akce maj\u00ed spole\u010dn\u00e9 m\u00edsto startu i c\u00edle, tak\u017ee se v\u0161ichni shled\u00e1me v h\u00e1jence v Kersku, z kter\u00e9 po ob\u011bd\u011b vyjedeme u\u017e spole\u010dn\u011b zp\u011bt. <br \/> Po\u010das\u00ed je objednan\u00e9, a tak jen dod\u00e1m, nezapome\u0148te doma dobrou n\u00e1ladu. <\/p>\n<p> Pro v\u00edce informac\u00ed o v\u00fdprav\u011b i ubytov\u00e1n\u00ed n\u00e1s kontaktujte na <a href=\"mailto:cernikone@email.cz\">cernikone@email.cz<\/a> <\/p>\n<p> Tom\u00e1\u0161 Pouch, p\u0159edseda<br \/> \u010cERN\u00cd KON\u011a o.s. <\/p>\n<p> Video upout\u00e1vka <a href=\"http:\/\/www.youtube.com\/watch?v=DPHBd5_fOYQ\"><font color=\"#0066CC\"> zde<\/font><\/a><\/p>\n<p> <img decoding=\"async\" src=\"\/wordpress\/image\/k_clankum\/kanec2.png\"> <\/p>\n<p> <img decoding=\"async\" src=\"\/wordpress\/image\/k_clankum\/kanec1.png\"><\/p>\n","protected":false},"excerpt":{"rendered":"<a href=\"https:\/\/www.caths.cz\/wordpress\/pozvanka-na-treti-vypravu-na-kance-a-qua-cup-2010\/\"><img loading=\"lazy\" decoding=\"async\" width=\"100\" height=\"100\" src=\"https:\/\/www.caths.cz\/wordpress\/wp-content\/plugins\/thumbnail-for-excerpts\/tfe_no_thumb.png\" class=\"alignleft wp-post-image tfe\" alt=\"\" title=\"\" \/><\/a><p>26. \u010dervna se ji\u017e po t\u0159et\u00ed sejdeme na n\u00e1vsi Nov\u00fdch Jiren, abychom si op\u011bt u\u017eili p\u0159\u00e1telskou vyj\u00ed\u017e\u010fku na kolech v\u0161eho druhu. Je tradic\u00ed, \u017ee hlavn\u00edmi hosty jsou voz\u00ed\u010dk\u00e1\u0159i, kte\u0159\u00ed na [&hellip;]<\/p>\n","protected":false},"author":1,"featured_media":0,"comment_status":"closed","ping_status":"closed","sticky":false,"template":"","format":"standard","meta":{"ngg_post_thumbnail":0,"footnotes":""},"categories":[40],"tags":[],"class_list":["post-1422","post","type-post","status-publish","format-standard","hentry","category-pojed-s-nami"],"_links":{"self":[{"href":"https:\/\/www.caths.cz\/wordpress\/wp-json\/wp\/v2\/posts\/1422","targetHints":{"allow":["GET"]}}],"collection":[{"href":"https:\/\/www.caths.cz\/wordpress\/wp-json\/wp\/v2\/posts"}],"about":[{"href":"https:\/\/www.caths.cz\/wordpress\/wp-json\/wp\/v2\/types\/post"}],"author":[{"embeddable":true,"href":"https:\/\/www.caths.cz\/wordpress\/wp-json\/wp\/v2\/users\/1"}],"replies":[{"embeddable":true,"href":"https:\/\/www.caths.cz\/wordpress\/wp-json\/wp\/v2\/comments?post=1422"}],"version-history":[{"count":0,"href":"https:\/\/www.caths.cz\/wordpress\/wp-json\/wp\/v2\/posts\/1422\/revisions"}],"wp:attachment":[{"href":"https:\/\/www.caths.cz\/wordpress\/wp-json\/wp\/v2\/media?parent=1422"}],"wp:term":[{"taxonomy":"category","embeddable":true,"href":"https:\/\/www.caths.cz\/wordpress\/wp-json\/wp\/v2\/categories?post=1422"},{"taxonomy":"post_tag","embeddable":true,"href":"https:\/\/www.caths.cz\/wordpress\/wp-json\/wp\/v2\/tags?post=1422"}],"curies":[{"name":"wp","href":"https:\/\/api.w.org\/{rel}","templated":true}]}}