{"id":1421,"date":"2010-05-10T17:43:41","date_gmt":"2010-05-10T16:43:41","guid":{"rendered":"http:\/\/www.caths.cz\/wordpress\/?p=1421"},"modified":"2010-05-10T17:43:41","modified_gmt":"2010-05-10T16:43:41","slug":"mistrem-cr-v-curlingu-vozickaru-je-pro-letosni-rok-druzstvo-sk-nove-mesto-nad-metuji","status":"publish","type":"post","link":"https:\/\/www.caths.cz\/wordpress\/mistrem-cr-v-curlingu-vozickaru-je-pro-letosni-rok-druzstvo-sk-nove-mesto-nad-metuji\/","title":{"rendered":"Mistrem \u010cR v curlingu voz\u00ed\u010dk\u00e1\u0159\u016f je pro leto\u0161n\u00ed rok dru\u017estvo SK Nov\u00e9 M\u011bsto nad Metuj\u00ed"},"content":{"rendered":"<p align=\"justify\">\nV pra\u017esk\u00e9 hale na Roztylech prob\u011bhl o uplynul\u00e9m v\u00edkendu dvoudenn\u00ed turnaj MM\u010cR v curlingu voz\u00ed\u010dk\u00e1\u0159\u016f, kter\u00e9ho se z\u00fa\u010dastnilo p\u011bt dom\u00e1c\u00edch t\u00fdm\u016f a reprezenta\u010dn\u00ed v\u00fdb\u011br Slovenska.\n<\/p>\n<p align=\"justify\"> V\u00edt\u011bzem mistrovsk\u00e9ho trunaje se stalo dru\u017estvo SK Nov\u00e9 M\u011bsto nad Metuj\u00ed, za kter\u00e9 sout\u011b\u017e\u00ed i dva na\u0161i reprezentanti &#8211; Martin Tluk a Radek Pokorn\u00fd. Druhou p\u0159\u00ed\u010dku obsadil t\u00fdm Slovenska, p\u0159ed favorizovan\u00fdm dru\u017estvem SC J\u00da Praha A.<\/p>\n<p>Koment\u00e1\u0159 skipa SK Nov\u00e9 M\u011bsto nad Metuj\u00ed, Radka Pokorn\u00e9ho:<em>&#8220; Jsem moc r\u00e1d, \u017ee se n\u00e1m povedlo po dvou letech op\u011bt vyhr\u00e1t titul M\u010cR v curlingu dru\u017estev voz\u00ed\u010dk\u00e1\u0159\u016f a to bez jedin\u00e9 por\u00e1\u017eky. V\u0161echny z\u00e1pasy jsme zvl\u00e1dli bez v\u011bt\u0161\u00edch chyb a t\u00edmto bych cht\u011bl cel\u00e9mu t\u00fdmu pod\u011bkovat za dobrou hru.&#8220;<\/em> <\/p>\n<p> <strong><u> KONE\u010cN\u00c9 PO\u0158AD\u00cd:<\/u><\/p>\n<p> 1. Nov\u00e9 M\u011bsto<br \/> 2. Slovensko<br \/> 3. SC J\u00da Praha A<br \/> 4. HSC Velk\u00e9 Mezi\u0159\u00ed\u010d\u00ed<br \/> 5. SC J\u00da Praha B<br \/> 6. SKK Brno<\/p>\n<p> Kompletn\u00ed v\u00fdsledky<a href=\"http:\/\/www.caths.cz\/storage\/curling\/mmcr2010.pdf\"><font color=\"#0066CC\"> zde<\/font><\/a> <\/strong><\/p>\n","protected":false},"excerpt":{"rendered":"<a href=\"https:\/\/www.caths.cz\/wordpress\/mistrem-cr-v-curlingu-vozickaru-je-pro-letosni-rok-druzstvo-sk-nove-mesto-nad-metuji\/\"><img loading=\"lazy\" decoding=\"async\" width=\"100\" height=\"100\" src=\"https:\/\/www.caths.cz\/wordpress\/wp-content\/plugins\/thumbnail-for-excerpts\/tfe_no_thumb.png\" class=\"alignleft wp-post-image tfe\" alt=\"\" title=\"\" \/><\/a><p>V pra\u017esk\u00e9 hale na Roztylech prob\u011bhl o uplynul\u00e9m v\u00edkendu dvoudenn\u00ed turnaj MM\u010cR v curlingu voz\u00ed\u010dk\u00e1\u0159\u016f, kter\u00e9ho se z\u00fa\u010dastnilo p\u011bt dom\u00e1c\u00edch t\u00fdm\u016f a reprezenta\u010dn\u00ed v\u00fdb\u011br Slovenska. V\u00edt\u011bzem mistrovsk\u00e9ho trunaje se stalo [&hellip;]<\/p>\n","protected":false},"author":1,"featured_media":0,"comment_status":"closed","ping_status":"closed","sticky":false,"template":"","format":"standard","meta":{"ngg_post_thumbnail":0,"footnotes":""},"categories":[7],"tags":[],"class_list":["post-1421","post","type-post","status-publish","format-standard","hentry","category-curling"],"_links":{"self":[{"href":"https:\/\/www.caths.cz\/wordpress\/wp-json\/wp\/v2\/posts\/1421","targetHints":{"allow":["GET"]}}],"collection":[{"href":"https:\/\/www.caths.cz\/wordpress\/wp-json\/wp\/v2\/posts"}],"about":[{"href":"https:\/\/www.caths.cz\/wordpress\/wp-json\/wp\/v2\/types\/post"}],"author":[{"embeddable":true,"href":"https:\/\/www.caths.cz\/wordpress\/wp-json\/wp\/v2\/users\/1"}],"replies":[{"embeddable":true,"href":"https:\/\/www.caths.cz\/wordpress\/wp-json\/wp\/v2\/comments?post=1421"}],"version-history":[{"count":0,"href":"https:\/\/www.caths.cz\/wordpress\/wp-json\/wp\/v2\/posts\/1421\/revisions"}],"wp:attachment":[{"href":"https:\/\/www.caths.cz\/wordpress\/wp-json\/wp\/v2\/media?parent=1421"}],"wp:term":[{"taxonomy":"category","embeddable":true,"href":"https:\/\/www.caths.cz\/wordpress\/wp-json\/wp\/v2\/categories?post=1421"},{"taxonomy":"post_tag","embeddable":true,"href":"https:\/\/www.caths.cz\/wordpress\/wp-json\/wp\/v2\/tags?post=1421"}],"curies":[{"name":"wp","href":"https:\/\/api.w.org\/{rel}","templated":true}]}}