{"id":1418,"date":"2010-05-07T08:24:36","date_gmt":"2010-05-07T07:24:36","guid":{"rendered":"http:\/\/www.caths.cz\/wordpress\/?p=1418"},"modified":"2010-05-07T08:24:36","modified_gmt":"2010-05-07T07:24:36","slug":"iii-rocnik-motoristickeho-serialu-handicap-tour-2010","status":"publish","type":"post","link":"https:\/\/www.caths.cz\/wordpress\/iii-rocnik-motoristickeho-serialu-handicap-tour-2010\/","title":{"rendered":"III. ro\u010dn\u00edk motoristick\u00e9ho seri\u00e1lu HANDICAP TOUR 2010"},"content":{"rendered":"<p align=\"justify\"> Hlavn\u00ed my\u0161lenkou tohoto projektu je sdru\u017eovat handicapovan\u00e9 motoristy a pom\u00e1hat jim p\u0159i integraci do motoristick\u00e9ho \u017eivota. D\u00e1le pak p\u0159isp\u011bt k prevenci nehodovosti silni\u010dn\u00edho provozu.<br \/> C\u00edlem je d\u00e1t \u0161anci co nejv\u00edce handicapovan\u00fdm motorist\u016fm si vyzkou\u0161et ovl\u00e1d\u00e1n\u00ed sv\u00e9ho vozu na bezpe\u010dn\u00e9m prostranstv\u00ed v krizov\u00fdch situac\u00edch, jako jsou kluzk\u00fd, mokr\u00fd povrch apod. Rovn\u011b\u017e z\u00edsk\u00e1te odborn\u00e9 informace o tom, jak tyto situace zvl\u00e1dat.<\/p>\n<p> T\u00edmto V\u00e1s srde\u010dn\u011b zveme k \u00fa\u010dasti na HANDICAP TOUR 2010, kde budete m\u00edt mo\u017enost vyzkou\u0161et si ovladatelnost sv\u00e9ho vozidla za um\u011ble zt\u00ed\u017een\u00fdch podm\u00ednek. <\/p>\n<p> Pokud V\u00e1s projekt zaujal z\u00fa\u010dastn\u011bte se!<\/p>\n<p> Za\u010d\u00edn\u00e1me ji\u017e tuto sobotu 8.5. v Mlad\u00e9 Boleslavi (pozv\u00e1nka <a href=\"http:\/\/www.caths.cz\/storage\/handicaptour\/Pozvanka HANDICAP TOUR 2010 na zahajovaci akci.pdf\"><font color=\"#0066CC\"> zde<\/font><\/a>) <\/p>\n<p> Kalend\u00e1\u0159 seri\u00e1lu 2010 naleznete <a href=\"http:\/\/www.caths.cz\/storage\/handicaptour\/Terminy a mista HANDICAP TOUR 2010.pdf\"><font color=\"#0066CC\"> zde<\/font><\/a><br \/> Pozv\u00e1nka na 11.5.2010 \u2013 Liberec <a href=\"http:\/\/www.caths.cz\/storage\/handicaptour\/Pozvanka_Liberec_11_5_2010.pdf\"><font color=\"#0066CC\"> zde<\/font><\/a><br \/> Pozv\u00e1nka na 12.5.2010 \u2013 Vysok\u00e9 M\u00fdto <a href=\"http:\/\/www.caths.cz\/storage\/handicaptour\/Pozvanka_Vysoke_Myto_12_5_2010.pdf\"><font color=\"#0066CC\"> zde<\/font><\/a><br \/> Pozv\u00e1nka na 13.5.2010 \u2013 Praha <a href=\"http:\/\/www.caths.cz\/storage\/handicaptour\/Pozvanka_Praha_13_5_2010.pdf\"><font color=\"#0066CC\"> zde<\/font><\/a><\/p>\n","protected":false},"excerpt":{"rendered":"<a href=\"https:\/\/www.caths.cz\/wordpress\/iii-rocnik-motoristickeho-serialu-handicap-tour-2010\/\"><img loading=\"lazy\" decoding=\"async\" width=\"100\" height=\"100\" src=\"https:\/\/www.caths.cz\/wordpress\/wp-content\/plugins\/thumbnail-for-excerpts\/tfe_no_thumb.png\" class=\"alignleft wp-post-image tfe\" alt=\"\" title=\"\" \/><\/a><p>Hlavn\u00ed my\u0161lenkou tohoto projektu je sdru\u017eovat handicapovan\u00e9 motoristy a pom\u00e1hat jim p\u0159i integraci do motoristick\u00e9ho \u017eivota. D\u00e1le pak p\u0159isp\u011bt k prevenci nehodovosti silni\u010dn\u00edho provozu. C\u00edlem je d\u00e1t \u0161anci co nejv\u00edce [&hellip;]<\/p>\n","protected":false},"author":1,"featured_media":0,"comment_status":"closed","ping_status":"closed","sticky":false,"template":"","format":"standard","meta":{"ngg_post_thumbnail":0,"footnotes":""},"categories":[6],"tags":[],"class_list":["post-1418","post","type-post","status-publish","format-standard","hentry","category-caths-info"],"_links":{"self":[{"href":"https:\/\/www.caths.cz\/wordpress\/wp-json\/wp\/v2\/posts\/1418","targetHints":{"allow":["GET"]}}],"collection":[{"href":"https:\/\/www.caths.cz\/wordpress\/wp-json\/wp\/v2\/posts"}],"about":[{"href":"https:\/\/www.caths.cz\/wordpress\/wp-json\/wp\/v2\/types\/post"}],"author":[{"embeddable":true,"href":"https:\/\/www.caths.cz\/wordpress\/wp-json\/wp\/v2\/users\/1"}],"replies":[{"embeddable":true,"href":"https:\/\/www.caths.cz\/wordpress\/wp-json\/wp\/v2\/comments?post=1418"}],"version-history":[{"count":0,"href":"https:\/\/www.caths.cz\/wordpress\/wp-json\/wp\/v2\/posts\/1418\/revisions"}],"wp:attachment":[{"href":"https:\/\/www.caths.cz\/wordpress\/wp-json\/wp\/v2\/media?parent=1418"}],"wp:term":[{"taxonomy":"category","embeddable":true,"href":"https:\/\/www.caths.cz\/wordpress\/wp-json\/wp\/v2\/categories?post=1418"},{"taxonomy":"post_tag","embeddable":true,"href":"https:\/\/www.caths.cz\/wordpress\/wp-json\/wp\/v2\/tags?post=1418"}],"curies":[{"name":"wp","href":"https:\/\/api.w.org\/{rel}","templated":true}]}}