{"id":1412,"date":"2010-04-26T21:38:57","date_gmt":"2010-04-26T20:38:57","guid":{"rendered":"http:\/\/www.caths.cz\/wordpress\/?p=1412"},"modified":"2010-04-26T21:38:57","modified_gmt":"2010-04-26T20:38:57","slug":"vysledky-1-kola-cp-ve-sportovni-strelbe","status":"publish","type":"post","link":"https:\/\/www.caths.cz\/wordpress\/vysledky-1-kola-cp-ve-sportovni-strelbe\/","title":{"rendered":"V\u00fdsledky 1. kola \u010cP ve sportovn\u00ed st\u0159elb\u011b"},"content":{"rendered":"<p align=\"justify\">\nVe dnech 23. &#8211; 24.4. prob\u011bhlo na plze\u0148sk\u00e9 st\u0159elnici 1. kolo \u010cP ve sportovn\u00ed st\u0159elb\u011b. Vzduchovou pistoli vyhr\u00e1l Mar\u010dan p\u0159ed Gronsk\u00fdm a \u0160kvarou. V libovoln\u00e9 pistoli zv\u00edt\u011bzil Krystyn\u00edk p\u0159ed Jankejechem a Gronsk\u00fdm a v\u00edt\u011bzstv\u00ed si zopakoval i ze sportovn\u00ed pistole p\u0159ed Mar\u010danem a Gronsk\u00fdm.\n<\/p>\n<p align=\"justify\"> Druh\u00e9 kolo \u010cP se uskute\u010dn\u00ed v Plzni ve dnech 21. &#8211; 22.5., bez \u00fa\u010dasti reprezentace, kter\u00e1 bude tou dobou na Sv\u011btov\u00e9m poh\u00e1ru v N\u011bmecku. <\/p>\n<p> <img decoding=\"async\" src=\"\/wordpress\/image\/k_clankum\/CP1.kolo VzPi1.JPG\"><\/p>\n<p> <img decoding=\"async\" src=\"\/wordpress\/image\/k_clankum\/CP1.kolo VzPi2.JPG\"><\/p>\n<p> <img decoding=\"async\" src=\"\/wordpress\/image\/k_clankum\/CP1.kolo VzPi ucastnici.JPG\"><\/p>\n<p> <img decoding=\"async\" src=\"\/wordpress\/image\/k_clankum\/CP1.kolo SP ucastnici.JPG\"><\/p>\n<p> <img decoding=\"async\" src=\"\/wordpress\/image\/k_clankum\/CP Plzen 1.kolo.jpg\"><\/p>\n","protected":false},"excerpt":{"rendered":"<a href=\"https:\/\/www.caths.cz\/wordpress\/vysledky-1-kola-cp-ve-sportovni-strelbe\/\"><img loading=\"lazy\" decoding=\"async\" width=\"100\" height=\"100\" src=\"https:\/\/www.caths.cz\/wordpress\/wp-content\/plugins\/thumbnail-for-excerpts\/tfe_no_thumb.png\" class=\"alignleft wp-post-image tfe\" alt=\"\" title=\"\" \/><\/a><p>Ve dnech 23. &#8211; 24.4. prob\u011bhlo na plze\u0148sk\u00e9 st\u0159elnici 1. kolo \u010cP ve sportovn\u00ed st\u0159elb\u011b. Vzduchovou pistoli vyhr\u00e1l Mar\u010dan p\u0159ed Gronsk\u00fdm a \u0160kvarou. V libovoln\u00e9 pistoli zv\u00edt\u011bzil Krystyn\u00edk p\u0159ed Jankejechem [&hellip;]<\/p>\n","protected":false},"author":1,"featured_media":0,"comment_status":"closed","ping_status":"closed","sticky":false,"template":"","format":"standard","meta":{"ngg_post_thumbnail":0,"footnotes":""},"categories":[18],"tags":[],"class_list":["post-1412","post","type-post","status-publish","format-standard","hentry","category-strelba"],"_links":{"self":[{"href":"https:\/\/www.caths.cz\/wordpress\/wp-json\/wp\/v2\/posts\/1412","targetHints":{"allow":["GET"]}}],"collection":[{"href":"https:\/\/www.caths.cz\/wordpress\/wp-json\/wp\/v2\/posts"}],"about":[{"href":"https:\/\/www.caths.cz\/wordpress\/wp-json\/wp\/v2\/types\/post"}],"author":[{"embeddable":true,"href":"https:\/\/www.caths.cz\/wordpress\/wp-json\/wp\/v2\/users\/1"}],"replies":[{"embeddable":true,"href":"https:\/\/www.caths.cz\/wordpress\/wp-json\/wp\/v2\/comments?post=1412"}],"version-history":[{"count":0,"href":"https:\/\/www.caths.cz\/wordpress\/wp-json\/wp\/v2\/posts\/1412\/revisions"}],"wp:attachment":[{"href":"https:\/\/www.caths.cz\/wordpress\/wp-json\/wp\/v2\/media?parent=1412"}],"wp:term":[{"taxonomy":"category","embeddable":true,"href":"https:\/\/www.caths.cz\/wordpress\/wp-json\/wp\/v2\/categories?post=1412"},{"taxonomy":"post_tag","embeddable":true,"href":"https:\/\/www.caths.cz\/wordpress\/wp-json\/wp\/v2\/tags?post=1412"}],"curies":[{"name":"wp","href":"https:\/\/api.w.org\/{rel}","templated":true}]}}