{"id":1410,"date":"2010-04-22T11:43:51","date_gmt":"2010-04-22T10:43:51","guid":{"rendered":"http:\/\/www.caths.cz\/wordpress\/?p=1410"},"modified":"2010-04-22T11:43:51","modified_gmt":"2010-04-22T10:43:51","slug":"v-sobotu-245-startuje-historicky-prvni-zavod-cp-horskych-kol-handicapovanych-cyklistu","status":"publish","type":"post","link":"https:\/\/www.caths.cz\/wordpress\/v-sobotu-245-startuje-historicky-prvni-zavod-cp-horskych-kol-handicapovanych-cyklistu\/","title":{"rendered":"V sobotu 24.5. startuje historicky prvn\u00ed z\u00e1vod \u010cP horsk\u00fdch kol handicapovan\u00fdch cyklist\u016f"},"content":{"rendered":"<p align=\"justify\">\nV r\u00e1mci cyklistick\u00e9ho seri\u00e1lu pro nej\u0161ir\u0161\u00ed ve\u0159ejnost Kolo pro \u017eivot startuje v sobotu prvn\u00ed z\u00e1vod \u010cesk\u00e9ho poh\u00e1ru horsk\u00fdch kol handicapovan\u00fdch cyklist\u016f.<br \/>\nOrganiz\u00e1torovi a z\u00e1vodn\u00edkovi v jedn\u00e9 osob\u011b, Tom\u00e1\u0161ovi Pouchovi, jsme polo\u017eili n\u011bkolik ot\u00e1zek, kter\u00e9 daj\u00ed odpov\u011b\u010f na nej\u010dast\u011bj\u0161\u00ed dotazy, s t\u00edmto seri\u00e1lem souvisej\u00edc\u00ed.\n<\/p>\n<p align=\"justify\"> <strong>V jak\u00fdch kategori\u00edch budou handicapovan\u00ed z\u00e1vodn\u00edci hodnoceni?<\/strong><\/p>\n<p> <em>Bude se jednat o dv\u011b z\u00e1kladn\u00ed kategorie ozna\u010den\u00e9 hovorov\u011b sed\u00edc\u00ed a stoj\u00edc\u00ed. <\/p>\n<p> a) Kategorie sed\u00edc\u00ed, neboli MTB handbike, bude v p\u0159ihla\u0161ovac\u00edm syst\u00e9mu seri\u00e1lu z\u00e1vod\u016f Kola pro \u017eivot ozna\u010dena HS1. Tato kategorie je vyhl\u00e1\u0161ena na vybran\u00fdch trat\u00edch, sj\u00edzdn\u00fdch speci\u00e1lem na ru\u010dn\u00ed pohon. Je to poprv\u00e9, co se bude z\u00e1vodit o \u010cesk\u00fd poh\u00e1r v MTB handbike, a tak\u00e9 poprv\u00e9 bude vyps\u00e1no i mistrovstv\u00ed republiky. Zde je p\u0159ehled z\u00e1vod\u016f vypsan\u00fdch v \u010cP MTB HANDBIKE:<br \/> Jistebnice 5.6.<br \/> Karl\u0161tejn 10.7.<br \/> Je\u0161t\u011bd 14.8. \u2013 mistrovstv\u00ed republiky<br \/> Karlovy Vary 21.8.<br \/> Jevi\u0161ovka 18.9.<\/p>\n<p> b) Kategorie stoj\u00edc\u00edch bude vyps\u00e1na pouze jedna, jen z\u00e1vodn\u00edci s t\u011b\u017e\u0161\u00edm handicapem budou m\u00edt 20% \u010dasov\u00e9 zv\u00fdhodn\u011bn\u00ed. V p\u0159ihla\u0161ovac\u00edm syst\u00e9mu tedy zadejte pro handicap CB4 a CB5 kategorii HS2A (pro p\u0159edstavu: amputace pod kolenem a nebo amputace ruky) a pro handicap CB1, CB2 a CB3 zadejte \u010dasov\u011b zv\u00fdhodn\u011bnou HS2B (amputace stehenn\u00ed, kombinace posti\u017een\u00ed, aj.) <\/em><\/p>\n<p> <strong>Na jak n\u00e1ro\u010dn\u00fdch trat\u00edch se z\u00e1vody uskute\u010dn\u00ed?<\/strong><\/p>\n<p> <img decoding=\"async\" src=\"\/wordpress\/image\/k_clankum\/cpmtb_3.JPG\" ALIGN=\"right\" HSPACE=5 VSPACE=5> <em>Handbike MTB budou sout\u011b\u017eit na fitness j\u00edzd\u00e1ch, to jsou trat\u011b v d\u00e9lce 20 a\u017e 30 km. Seznam i s term\u00edny jsem ji\u017e zm\u00ednil. Pro voz\u00ed\u010dk\u00e1\u0159e budou tyto z\u00e1vody opravdovou v\u00fdzvou a budou n\u00e1ro\u010dn\u00e9. Proto se po\u0159adatel\u00e9 rozhodli neslevovat z n\u00e1ro\u010dnosti ani v kategorii stoj\u00edc\u00edch, kde bude \u010cesk\u00fd poh\u00e1r vyps\u00e1n na 50km trat\u00edch v\u0161ech 15ti z\u00e1vod\u016f seri\u00e1lu.<br \/> Pro ty, kte\u0159\u00ed si netroufnou na poh\u00e1rovou, 50km dlouhou tra\u0165, m\u00e1me p\u0159ipravenou sout\u011b\u017e i na ji\u017e zm\u00edn\u011bn\u00fdch polovi\u010dn\u00edch fitness trat\u00edch. Jen p\u0159edem popros\u00edm z\u00e1jemce o tuto zkr\u00e1cenou verzi, a\u0165 se hl\u00e1s\u00ed na z\u00e1vodech ve stanu \u010cern\u00fdch kon\u00ed, abychom si V\u00e1s zapsali a pak vyhodnotili v\u00fdsledek a ocenili. <\/em><\/p>\n<p> <strong>Mohou se z\u00e1vodu \u00fa\u010dastnit i d\u011bti v doprovodu nap\u0159. rodi\u010d\u016f?<\/strong><\/p>\n<p> <em>I na d\u011bti seri\u00e1l z\u00e1vod\u016f mysl\u00ed. Jsou vypsan\u00e9 p\u0159\u00edmo d\u011btsk\u00e9 kategorie a dle v\u011bku i vybr\u00e1ny d\u00e9lky trat\u00ed. Tak\u017ee ur\u010dit\u011b d\u011bti s sebou, a\u0165 si tak\u00e9 zaz\u00e1vod\u00ed.<\/em><\/p>\n<p> <strong>Kde se m\u00e1 z\u00e1vodn\u00edk p\u0159ihl\u00e1sit k prezentaci a pokud bude pot\u0159ebovat n\u011bjakou pomoc, na koho se m\u00e1 obr\u00e1tit?<\/strong><\/p>\n<p> <em>Na z\u00e1vody se lze p\u0159edem p\u0159ihl\u00e1sit p\u0159es registra\u010dn\u00ed syst\u00e9m s\u00e9rie z\u00e1vod\u016f <a href=\"http:\/\/www.kolopro.cz\/\"><font color=\"#0066CC\">www.kolopro.cz <\/font><\/a>, nebo i p\u0159\u00edmo v den kon\u00e1n\u00ed z\u00e1vod\u016f na m\u00edst\u011b tomu ur\u010den\u00e9m po\u0159adatelem. Toto m\u00edsto je v\u017edy v prostor\u00e1ch cel\u00e9ho z\u00e1zem\u00ed z\u00e1vod\u016f. Pokud budete pot\u0159ebovat poradit s kategoriemi handicapu, obra\u0165te se ve stanu \u010cern\u00fdch kon\u00ed na Tom\u00e1\u0161e Poucha. <\/em><\/p>\n<p> <strong>Budou moci z\u00e1vodn\u00edci vyu\u017e\u00edt st\u00e1nek \u010cern\u00fdch kon\u00ed jako p\u0159edstartovn\u00ed z\u00e1zem\u00ed?<\/strong><\/p>\n<p> <em>Ur\u010dit\u011b, n\u00e1\u0161 st\u00e1nek bude v\u017edy ve VIP z\u00f3n\u011b, tak n\u00e1s snadno najdete. Bude p\u0159edn\u011b slou\u017eit jako z\u00e1zem\u00ed pro handicapovan\u00e9 cyklisty i jako p\u0159\u00edpadn\u00e1 \u00faschovna zavazadel, voz\u00edk\u016f atd.<\/em><\/p>\n<p> <strong>Kde najdeme podrobn\u00e9 propozice o z\u00e1vod\u011b a cel\u00e9m seri\u00e1lu Kolo pro \u017eivot?<\/strong><\/p>\n<p> <em>Nejp\u0159esn\u011bj\u0161\u00ed info hledejte v\u017edy na str\u00e1nk\u00e1ch hlavn\u00edho organiz\u00e1tora <a href=\"http:\/\/www.kolopro.cz\/\"><font color=\"#0066CC\">www.kolopro.cz <\/font><\/a>, na str\u00e1nk\u00e1ch <a href=\"http:\/\/www.cernikone.cz\/\"><font color=\"#0066CC\">\u010cern\u00fdch kon\u00ed<\/font><\/a> budeme sp\u00ed\u0161e z\u00e1jemce informovat o tom nejd\u016fle\u017eit\u011bj\u0161\u00edm, \u010di nejzaj\u00edmav\u011bj\u0161\u00edm.<\/em><\/p>\n<p> <strong>Budou pro z\u00e1vod handbiker\u016f k dispozici po\u0159adatel\u00e9, kte\u0159\u00ed v p\u0159\u00edpad\u011b nutnosti pomohou z\u00e1vodn\u00edkovi na lesn\u00edch cest\u00e1ch?<\/strong><\/p>\n<p> <img decoding=\"async\" src=\"\/wordpress\/image\/k_clankum\/cpmtb_2.JPG\" ALIGN=\"right\" HSPACE=5 VSPACE=5> <em>I na toto jsme p\u0159edem mysleli. Ka\u017ed\u00fd handbiker si m\u016f\u017ee s\u00e1m ur\u010dit pomocn\u00edky na trati (t\u0159eba rodinn\u00e9 p\u0159\u00edslu\u0161n\u00edky, \u010di kamar\u00e1dy), nebo pokud si p\u0159edem za\u017e\u00e1d\u00e1, budou pro n\u011bj na z\u00e1vod\u011b k dispozici. Pro p\u0159\u00edpadn\u00fd z\u00e1jem o pr\u016fvodce volejte 777 058 538.<\/em><\/p>\n<p> <strong>A kdy\u017e t\u0159eba handicapovan\u00fd nem\u00e1 vlastn\u00ed handbike, ale p\u0159esto by se cht\u011bl sout\u011b\u017ee z\u00fa\u010dastnit, je v\u0161e ztraceno?<\/strong><\/p>\n<p> <em>Ur\u010dit\u011b neh\u00e1zejte flintu do \u017eita, kontaktujte \u010cern\u00e9 kon\u011b a domluvte si zap\u016fj\u010den\u00ed handbike na z\u00e1vod. Kontakt je <a href=\"mailto:cernikone@email.cz\">cernikone@email.cz<\/a> a nebo volejte ji\u017e zm\u00edn\u011bn\u00e9 \u010d\u00edslo. <\/em><\/p>\n<p> <strong>Kolik z\u00e1vod\u016f se po\u010d\u00edt\u00e1 do celkov\u00e9ho v\u00fdsledku?<\/strong><\/p>\n<p> <img decoding=\"async\" src=\"\/wordpress\/image\/k_clankum\/cpmtb_1.jpg\" ALIGN=\"right\" HSPACE=5 VSPACE=5> <em>Kategorie handbike 3 z 5 a v kategori\u00edch CB 6 z 15, co\u017e znamen\u00e1, \u017ee pro dosa\u017een\u00ed dobr\u00e9ho v\u00fdsledku nemus\u00edte obj\u00ed\u017ed\u011bt v\u0161echny z\u00e1vody. Pokud ale z\u00e1vod\u016f objedete v\u00edce, ne\u017e stanoven\u00e9 minimum, budou se V\u00e1m zachov\u00e1vat pouze ty nejlep\u0161\u00ed v\u00fdsledky a ty hor\u0161\u00ed se budou mazat. <\/p>\n<p> Z\u00e1v\u011brem n\u00e1m tedy nezb\u00fdv\u00e1, ne\u017e v\u0161em, kte\u0159\u00ed se z\u00fa\u010dastn\u00ed, pop\u0159\u00e1t siln\u00e9 z\u00e1\u017eitky. P\u0159ije\u010fte a sta\u0148te se prav\u00fdm bikerem! <\/em> <\/p>\n","protected":false},"excerpt":{"rendered":"<a href=\"https:\/\/www.caths.cz\/wordpress\/v-sobotu-245-startuje-historicky-prvni-zavod-cp-horskych-kol-handicapovanych-cyklistu\/\"><img loading=\"lazy\" decoding=\"async\" width=\"100\" height=\"100\" src=\"https:\/\/www.caths.cz\/wordpress\/wp-content\/plugins\/thumbnail-for-excerpts\/tfe_no_thumb.png\" class=\"alignleft wp-post-image tfe\" alt=\"\" title=\"\" \/><\/a><p>V r\u00e1mci cyklistick\u00e9ho seri\u00e1lu pro nej\u0161ir\u0161\u00ed ve\u0159ejnost Kolo pro \u017eivot startuje v sobotu prvn\u00ed z\u00e1vod \u010cesk\u00e9ho poh\u00e1ru horsk\u00fdch kol handicapovan\u00fdch cyklist\u016f. Organiz\u00e1torovi a z\u00e1vodn\u00edkovi v jedn\u00e9 osob\u011b, Tom\u00e1\u0161ovi Pouchovi, jsme [&hellip;]<\/p>\n","protected":false},"author":1,"featured_media":0,"comment_status":"closed","ping_status":"closed","sticky":false,"template":"","format":"standard","meta":{"ngg_post_thumbnail":0,"footnotes":""},"categories":[40],"tags":[],"class_list":["post-1410","post","type-post","status-publish","format-standard","hentry","category-pojed-s-nami"],"_links":{"self":[{"href":"https:\/\/www.caths.cz\/wordpress\/wp-json\/wp\/v2\/posts\/1410","targetHints":{"allow":["GET"]}}],"collection":[{"href":"https:\/\/www.caths.cz\/wordpress\/wp-json\/wp\/v2\/posts"}],"about":[{"href":"https:\/\/www.caths.cz\/wordpress\/wp-json\/wp\/v2\/types\/post"}],"author":[{"embeddable":true,"href":"https:\/\/www.caths.cz\/wordpress\/wp-json\/wp\/v2\/users\/1"}],"replies":[{"embeddable":true,"href":"https:\/\/www.caths.cz\/wordpress\/wp-json\/wp\/v2\/comments?post=1410"}],"version-history":[{"count":0,"href":"https:\/\/www.caths.cz\/wordpress\/wp-json\/wp\/v2\/posts\/1410\/revisions"}],"wp:attachment":[{"href":"https:\/\/www.caths.cz\/wordpress\/wp-json\/wp\/v2\/media?parent=1410"}],"wp:term":[{"taxonomy":"category","embeddable":true,"href":"https:\/\/www.caths.cz\/wordpress\/wp-json\/wp\/v2\/categories?post=1410"},{"taxonomy":"post_tag","embeddable":true,"href":"https:\/\/www.caths.cz\/wordpress\/wp-json\/wp\/v2\/tags?post=1410"}],"curies":[{"name":"wp","href":"https:\/\/api.w.org\/{rel}","templated":true}]}}