{"id":1408,"date":"2010-04-20T15:52:50","date_gmt":"2010-04-20T14:52:50","guid":{"rendered":"http:\/\/www.caths.cz\/wordpress\/?p=1408"},"modified":"2010-04-20T15:52:50","modified_gmt":"2010-04-20T14:52:50","slug":"vladimir-marcan-vitezem-strelecke-jarni-ceny-olomouce","status":"publish","type":"post","link":"https:\/\/www.caths.cz\/wordpress\/vladimir-marcan-vitezem-strelecke-jarni-ceny-olomouce\/","title":{"rendered":"Vladim\u00edr Mar\u010dan v\u00edt\u011bzem st\u0159eleck\u00e9 Jarn\u00ed ceny Olomouce"},"content":{"rendered":"<p align=\"justify\">Leto\u0161n\u00ed Jarn\u00ed ceny Olomouce, konan\u00e9 17.4. pod z\u00e1\u0161titou prim\u00e1tora Martina Novotn\u00e9ho, se z\u00fa\u010dastnilo rekordn\u00edch 83 startuj\u00edc\u00edch, kte\u0159\u00ed sout\u011b\u017eili ve vyhl\u00e1\u0161en\u00fdch discipl\u00edn\u00e1ch ve sportovn\u00ed st\u0159elb\u011b.<\/p>\n<p align=\"justify\">V\u00edt\u011bzstv\u00ed v kategorii SH1 (t\u011blesn\u011b posti\u017een\u00ed) v discipl\u00edn\u011b Sportovn\u00ed pistole 30+30 ran na 25 m z\u00edskal Vladim\u00edr Mar\u010dan p\u0159ed Josefem \u0160kvarou a Romanem Gronsk\u00fdm. Ve Vzduchov\u00e9 pistoli 60 ran na 10 m znovu zv\u00edt\u011bzil Vladim\u00edr Mar\u010dan p\u0159ed Romanem Gronsk\u00fdm a t\u0159et\u00edm Vojtou Bure\u0161em. <\/p>\n<p> V\u00fdsledky ke sta\u017een\u00ed <a href=\"http:\/\/www.caths.cz\/storage\/strelba\/Vysledky JC.xls\"> zde<\/a> <\/p>\n<p><img decoding=\"async\" src=\"\/wordpress\/image\/k_clankum\/zprava_10979\/OL_170410_nastup.JPG\"> <\/p>\n<p><img decoding=\"async\" src=\"\/wordpress\/image\/k_clankum\/zprava_10979\/OL_170410_SP_SH1bedna_Gr_Ma_Skv.JPG\"> <\/p>\n<p><img decoding=\"async\" src=\"\/wordpress\/image\/k_clankum\/zprava_10979\/OL_170410_ucastnici.JPG\"> <\/p>\n<p><img decoding=\"async\" src=\"\/wordpress\/image\/k_clankum\/zprava_10979\/OL_170410_vozickari.JPG\"> <\/p>\n<p><img decoding=\"async\" src=\"\/wordpress\/image\/k_clankum\/zprava_10979\/OL_170410_VzPi_SH1_bedna_Ma_Gr_Bu.JPG\"><\/p>\n","protected":false},"excerpt":{"rendered":"<a href=\"https:\/\/www.caths.cz\/wordpress\/vladimir-marcan-vitezem-strelecke-jarni-ceny-olomouce\/\"><img loading=\"lazy\" decoding=\"async\" width=\"100\" height=\"100\" src=\"https:\/\/www.caths.cz\/wordpress\/wp-content\/plugins\/thumbnail-for-excerpts\/tfe_no_thumb.png\" class=\"alignleft wp-post-image tfe\" alt=\"\" title=\"\" \/><\/a><p>Leto\u0161n\u00ed Jarn\u00ed ceny Olomouce, konan\u00e9 17.4. pod z\u00e1\u0161titou prim\u00e1tora Martina Novotn\u00e9ho, se z\u00fa\u010dastnilo rekordn\u00edch 83 startuj\u00edc\u00edch, kte\u0159\u00ed sout\u011b\u017eili ve vyhl\u00e1\u0161en\u00fdch discipl\u00edn\u00e1ch ve sportovn\u00ed st\u0159elb\u011b. V\u00edt\u011bzstv\u00ed v kategorii SH1 (t\u011blesn\u011b posti\u017een\u00ed) [&hellip;]<\/p>\n","protected":false},"author":1,"featured_media":0,"comment_status":"closed","ping_status":"closed","sticky":false,"template":"","format":"standard","meta":{"ngg_post_thumbnail":0,"footnotes":""},"categories":[18],"tags":[],"class_list":["post-1408","post","type-post","status-publish","format-standard","hentry","category-strelba"],"_links":{"self":[{"href":"https:\/\/www.caths.cz\/wordpress\/wp-json\/wp\/v2\/posts\/1408","targetHints":{"allow":["GET"]}}],"collection":[{"href":"https:\/\/www.caths.cz\/wordpress\/wp-json\/wp\/v2\/posts"}],"about":[{"href":"https:\/\/www.caths.cz\/wordpress\/wp-json\/wp\/v2\/types\/post"}],"author":[{"embeddable":true,"href":"https:\/\/www.caths.cz\/wordpress\/wp-json\/wp\/v2\/users\/1"}],"replies":[{"embeddable":true,"href":"https:\/\/www.caths.cz\/wordpress\/wp-json\/wp\/v2\/comments?post=1408"}],"version-history":[{"count":0,"href":"https:\/\/www.caths.cz\/wordpress\/wp-json\/wp\/v2\/posts\/1408\/revisions"}],"wp:attachment":[{"href":"https:\/\/www.caths.cz\/wordpress\/wp-json\/wp\/v2\/media?parent=1408"}],"wp:term":[{"taxonomy":"category","embeddable":true,"href":"https:\/\/www.caths.cz\/wordpress\/wp-json\/wp\/v2\/categories?post=1408"},{"taxonomy":"post_tag","embeddable":true,"href":"https:\/\/www.caths.cz\/wordpress\/wp-json\/wp\/v2\/tags?post=1408"}],"curies":[{"name":"wp","href":"https:\/\/api.w.org\/{rel}","templated":true}]}}