{"id":1407,"date":"2010-04-19T18:59:57","date_gmt":"2010-04-19T17:59:57","guid":{"rendered":"http:\/\/www.caths.cz\/wordpress\/?p=1407"},"modified":"2010-04-19T18:59:57","modified_gmt":"2010-04-19T17:59:57","slug":"podporte-krtka-kupte-si-cyklisticky-dres","status":"publish","type":"post","link":"https:\/\/www.caths.cz\/wordpress\/podporte-krtka-kupte-si-cyklisticky-dres\/","title":{"rendered":"Podpo\u0159te Krtka &#8211; kupte si cyklistick\u00fd dres!"},"content":{"rendered":"<p align=\"justify\">O nadaci KRTEK, podporuj\u00edc\u00ed d\u011btsk\u00e9 a dosp\u00edvaj\u00edc\u00ed pacienty s onkologick\u00fdm onemocn\u011bn\u00edm jsme v\u00e1s ji\u017e informovali na na\u0161em webu ve spojitosti s patron\u00e1tem cyklistick\u00e9 reprezentace t\u011blesn\u011b a zrakov\u011b handicapovan\u00fdch cyklist\u016f. Nyn\u00ed m\u00e1te mo\u017enost sami podpo\u0159it Nada\u010dn\u00ed fond Krtek zakoupen\u00edm cyklistick\u00e9ho dresu, jeho\u017e design navrhnul cyklista Ale\u0161 Wasserbauer, kter\u00fd s\u00e1m l\u00e9\u010dbu na brn\u011bnsk\u00e9 onkologick\u00e9 klinice \u00fasp\u011b\u0161n\u011b absolvoval.<\/p>\n<p align=\"justify\"><strong> K prodeji je ur\u010deno pouze 15 volnych kusu, cena dresu je 1000 K\u010d\/ks a na konto nadace p\u016fjde cel\u00fdch 1000Kc. <br \/> Pokud m\u00e1te z\u00e1jem o zakoupen\u00ed dresu, pros\u00edm kontaktujte sekretari\u00e1t \u010cATHS na caths@caths.cz<\/strong> <\/p>\n<p><img decoding=\"async\" src=\"\/wordpress\/image\/k_clankum\/Dres_predni strana.JPG\"><br \/><img decoding=\"async\" src=\"\/wordpress\/image\/k_clankum\/Dres_zadni strana.JPG\"><\/p>\n","protected":false},"excerpt":{"rendered":"<a href=\"https:\/\/www.caths.cz\/wordpress\/podporte-krtka-kupte-si-cyklisticky-dres\/\"><img loading=\"lazy\" decoding=\"async\" width=\"100\" height=\"100\" src=\"https:\/\/www.caths.cz\/wordpress\/wp-content\/plugins\/thumbnail-for-excerpts\/tfe_no_thumb.png\" class=\"alignleft wp-post-image tfe\" alt=\"\" title=\"\" \/><\/a><p>O nadaci KRTEK, podporuj\u00edc\u00ed d\u011btsk\u00e9 a dosp\u00edvaj\u00edc\u00ed pacienty s onkologick\u00fdm onemocn\u011bn\u00edm jsme v\u00e1s ji\u017e informovali na na\u0161em webu ve spojitosti s patron\u00e1tem cyklistick\u00e9 reprezentace t\u011blesn\u011b a zrakov\u011b handicapovan\u00fdch cyklist\u016f. Nyn\u00ed [&hellip;]<\/p>\n","protected":false},"author":1,"featured_media":0,"comment_status":"closed","ping_status":"closed","sticky":false,"template":"","format":"standard","meta":{"ngg_post_thumbnail":0,"footnotes":""},"categories":[6],"tags":[],"class_list":["post-1407","post","type-post","status-publish","format-standard","hentry","category-caths-info"],"_links":{"self":[{"href":"https:\/\/www.caths.cz\/wordpress\/wp-json\/wp\/v2\/posts\/1407","targetHints":{"allow":["GET"]}}],"collection":[{"href":"https:\/\/www.caths.cz\/wordpress\/wp-json\/wp\/v2\/posts"}],"about":[{"href":"https:\/\/www.caths.cz\/wordpress\/wp-json\/wp\/v2\/types\/post"}],"author":[{"embeddable":true,"href":"https:\/\/www.caths.cz\/wordpress\/wp-json\/wp\/v2\/users\/1"}],"replies":[{"embeddable":true,"href":"https:\/\/www.caths.cz\/wordpress\/wp-json\/wp\/v2\/comments?post=1407"}],"version-history":[{"count":0,"href":"https:\/\/www.caths.cz\/wordpress\/wp-json\/wp\/v2\/posts\/1407\/revisions"}],"wp:attachment":[{"href":"https:\/\/www.caths.cz\/wordpress\/wp-json\/wp\/v2\/media?parent=1407"}],"wp:term":[{"taxonomy":"category","embeddable":true,"href":"https:\/\/www.caths.cz\/wordpress\/wp-json\/wp\/v2\/categories?post=1407"},{"taxonomy":"post_tag","embeddable":true,"href":"https:\/\/www.caths.cz\/wordpress\/wp-json\/wp\/v2\/tags?post=1407"}],"curies":[{"name":"wp","href":"https:\/\/api.w.org\/{rel}","templated":true}]}}