{"id":1406,"date":"2010-04-18T20:41:12","date_gmt":"2010-04-18T19:41:12","guid":{"rendered":"http:\/\/www.caths.cz\/wordpress\/?p=1406"},"modified":"2010-04-18T20:41:12","modified_gmt":"2010-04-18T19:41:12","slug":"prohlaseni-vykonneho-vyboru-caths","status":"publish","type":"post","link":"https:\/\/www.caths.cz\/wordpress\/prohlaseni-vykonneho-vyboru-caths\/","title":{"rendered":"Prohl\u00e1\u0161en\u00ed V\u00fdkonn\u00e9ho v\u00fdboru \u010cATHS"},"content":{"rendered":"<p align=\"justify\">N\u00e1vazn\u011b na nabyt\u00ed platnosti rozsudku soudu v ot\u00e1zce vystoupen\u00ed \u010cSTPS z \u010cesk\u00e9ho paralympijsk\u00e9ho v\u00fdboru a v souladu se souvisej\u00edc\u00edm jedn\u00e1n\u00edm \u010cPV s IPC konstatujeme, \u017ee \u010cATHS je jedin\u00fdm subjektem zastupuj\u00edc\u00edm t\u011blesn\u011b handicapovan\u00e9 sportovce na p\u016fd\u011b \u010cPV.<\/p>\n<p align=\"justify\"> VV \u010cATHS se nad\u00e1le intenzivn\u011b sna\u017e\u00ed o pln\u011bn\u00ed sv\u00fdch dlouhodob\u00fdch z\u00e1m\u011br\u016f a c\u00edl\u016f &#8211; zaji\u0161\u0165ovat odpov\u00eddaj\u00edc\u00ed materi\u00e1ln\u00ed i organiza\u010dn\u00ed podm\u00ednky pro reprezenta\u010dn\u00ed t\u00fdmy t\u011blesn\u011b handicapovan\u00fdch sportovc\u016f \u010cesk\u00e9 republiky a vytv\u00e1\u0159et hodnotnou sportovn\u00ed nab\u00eddku pro \u0161irokou sportuj\u00edc\u00ed ve\u0159ejnost s t\u011blesn\u00fdm handicapem. <\/p>\n<p> V souladu s touto koncepc\u00ed VV \u010cATHS jednomysln\u011b prohla\u0161uje, \u017ee \u010cATHS z\u016fst\u00e1v\u00e1 i nad\u00e1le nepolitickou, nekonfliktn\u00ed a neutr\u00e1ln\u00ed organizac\u00ed, jej\u00edm\u017e smyslem je p\u016fsobit ku prosp\u011bchu \u010dinnosti sv\u00fdch \u010dlen\u016f &#8211; t\u011blesn\u011b handicapovan\u00fdch sportovc\u016f. <\/p>\n<p> K cel\u00e9 politov\u00e1n\u00edhodn\u00e9 a t\u011b\u017eko pochopiteln\u00e9 kauze, kter\u00e1 dlouhodob\u011b po\u0161kozuje celou strukturu sportu handicapovan\u00fdch, se veden\u00ed \u010cATHS nebude v\u00edce vyjad\u0159ovat. <\/p>\n<p> Stejn\u011b apoliticky a nekonfliktn\u011b hodl\u00e1 i nad\u00e1le pracovat p\u0159edseda \u010cATHS Jaroslav K\u0159e\u010dek s t\u00edm, \u017ee a\u017e do zcela nepochybn\u00e9ho vyjasn\u011bn\u00ed ot\u00e1zky jeho lustra\u010dn\u00edho osv\u011bd\u010den\u00ed bude Asociace ve VG \u010cPV zastupov\u00e1na m\u00edstop\u0159edsedou Viktorem Zapletalem. <\/p>\n","protected":false},"excerpt":{"rendered":"<a href=\"https:\/\/www.caths.cz\/wordpress\/prohlaseni-vykonneho-vyboru-caths\/\"><img loading=\"lazy\" decoding=\"async\" width=\"100\" height=\"100\" src=\"https:\/\/www.caths.cz\/wordpress\/wp-content\/plugins\/thumbnail-for-excerpts\/tfe_no_thumb.png\" class=\"alignleft wp-post-image tfe\" alt=\"\" title=\"\" \/><\/a><p>N\u00e1vazn\u011b na nabyt\u00ed platnosti rozsudku soudu v ot\u00e1zce vystoupen\u00ed \u010cSTPS z \u010cesk\u00e9ho paralympijsk\u00e9ho v\u00fdboru a v souladu se souvisej\u00edc\u00edm jedn\u00e1n\u00edm \u010cPV s IPC konstatujeme, \u017ee \u010cATHS je jedin\u00fdm subjektem zastupuj\u00edc\u00edm [&hellip;]<\/p>\n","protected":false},"author":1,"featured_media":0,"comment_status":"closed","ping_status":"closed","sticky":false,"template":"","format":"standard","meta":{"ngg_post_thumbnail":0,"footnotes":""},"categories":[6],"tags":[],"class_list":["post-1406","post","type-post","status-publish","format-standard","hentry","category-caths-info"],"_links":{"self":[{"href":"https:\/\/www.caths.cz\/wordpress\/wp-json\/wp\/v2\/posts\/1406","targetHints":{"allow":["GET"]}}],"collection":[{"href":"https:\/\/www.caths.cz\/wordpress\/wp-json\/wp\/v2\/posts"}],"about":[{"href":"https:\/\/www.caths.cz\/wordpress\/wp-json\/wp\/v2\/types\/post"}],"author":[{"embeddable":true,"href":"https:\/\/www.caths.cz\/wordpress\/wp-json\/wp\/v2\/users\/1"}],"replies":[{"embeddable":true,"href":"https:\/\/www.caths.cz\/wordpress\/wp-json\/wp\/v2\/comments?post=1406"}],"version-history":[{"count":0,"href":"https:\/\/www.caths.cz\/wordpress\/wp-json\/wp\/v2\/posts\/1406\/revisions"}],"wp:attachment":[{"href":"https:\/\/www.caths.cz\/wordpress\/wp-json\/wp\/v2\/media?parent=1406"}],"wp:term":[{"taxonomy":"category","embeddable":true,"href":"https:\/\/www.caths.cz\/wordpress\/wp-json\/wp\/v2\/categories?post=1406"},{"taxonomy":"post_tag","embeddable":true,"href":"https:\/\/www.caths.cz\/wordpress\/wp-json\/wp\/v2\/tags?post=1406"}],"curies":[{"name":"wp","href":"https:\/\/api.w.org\/{rel}","templated":true}]}}