{"id":1403,"date":"2010-04-17T21:49:35","date_gmt":"2010-04-17T20:49:35","guid":{"rendered":"http:\/\/www.caths.cz\/wordpress\/?p=1403"},"modified":"2010-04-17T21:49:35","modified_gmt":"2010-04-17T20:49:35","slug":"fotoreportaz-z-pardubic-zavody-handbiku-a-tandemu","status":"publish","type":"post","link":"https:\/\/www.caths.cz\/wordpress\/fotoreportaz-z-pardubic-zavody-handbiku-a-tandemu\/","title":{"rendered":"Fotoreport\u00e1\u017e z Pardubic &#8211; z\u00e1vody handbik\u016f a tandem\u016f"},"content":{"rendered":"<p>foto: P. Vodi\u010dka a J. Krakovi\u010dov\u00e1<\/p>\n<p>v\u00fdsledky <strong><a href=\"http:\/\/www.pardubickyvinarskypulmaraton.cz\/soubory\/2010_Pardubice_Hadbike_kateg.pdf\"><font color=\"#0066CC\">zde <\/font><\/a><\/strong><img decoding=\"async\" src=\"\/wordpress\/image\/k_clankum\/hbpardubice10\/IMG_2855.jpg\"><br \/> P\u0159\u00edprava tandem\u016f po p\u0159\u00edjezdu do Pardubic <\/p>\n<p> <img decoding=\"async\" src=\"\/wordpress\/image\/k_clankum\/hbpardubice10\/IMG_2857.jpg\"><br \/> Kontrola galusky tandemu &#8211; uveze n\u00e1s to oba? <\/p>\n<p> <img decoding=\"async\" src=\"\/wordpress\/image\/k_clankum\/hbpardubice10\/IMG_2858.JPG\"><br \/> P\u0159\u00edjezd na start \u2013 Ji\u0159\u00ed Chyba a Marek Moflar <\/p>\n<p> <img decoding=\"async\" src=\"\/wordpress\/image\/k_clankum\/hbpardubice10\/IMG_2859.JPG\"><br \/> Polsk\u00fd tandem \u2013 Janusz Pytlak a Mariusz Mazur <\/p>\n<p> <img decoding=\"async\" src=\"\/wordpress\/image\/k_clankum\/hbpardubice10\/IMG_2864.jpg\"><br \/> Na startu bylo letos 5 tandem\u016f <\/p>\n<p> <img decoding=\"async\" src=\"\/wordpress\/image\/k_clankum\/hbpardubice10\/IMG_2901.JPG\"><\/p>\n<p> <img decoding=\"async\" src=\"\/wordpress\/image\/k_clankum\/hbpardubice10\/IMG_2908.jpg\"><br \/> a 23 handbiker\u016f <\/p>\n<p> <img decoding=\"async\" src=\"\/wordpress\/image\/k_clankum\/hbpardubice10\/IMG_2909.jpg\"><\/p>\n<p> <img decoding=\"async\" src=\"\/wordpress\/image\/k_clankum\/hbpardubice10\/IMG_2910.jpg\"><br \/> Soust\u0159ed\u011bn\u00fd Michal \u0160i\u0161ka <\/p>\n<p> <img decoding=\"async\" src=\"\/wordpress\/image\/k_clankum\/hbpardubice10\/IMG_2918.JPG\"><br \/> Prosba tren\u00e9ra Zapletala o posunut\u00ed \u010dasu startu \u2013 Marcel Pipek se zpozdil <\/p>\n<p> <img decoding=\"async\" src=\"\/wordpress\/image\/k_clankum\/hbpardubice10\/IMG_2919.JPG\"><br \/> Po\u0159adatel Honza R\u00fddlo oznamuje, \u017ee start je posunut o 5 minut <\/p>\n<p> <img decoding=\"async\" src=\"\/wordpress\/image\/k_clankum\/hbpardubice10\/IMG_2932.JPG\"><br \/> V\u00fdst\u0159el z pistole odstartoval z\u00e1vod \u010cP tandem\u016f a \u010cP handbik\u016f <\/p>\n<p> <img decoding=\"async\" src=\"\/wordpress\/image\/k_clankum\/hbpardubice10\/IMG_2949.JPG\"><br \/> Hromadn\u00fd start v\u0161ech kategori\u00ed <\/p>\n<p> <img decoding=\"async\" src=\"\/wordpress\/image\/k_clankum\/hbpardubice10\/IMG_2951.JPG\"><\/p>\n<p> <img decoding=\"async\" src=\"\/wordpress\/image\/k_clankum\/hbpardubice10\/IMG_2952.JPG\"><br \/> Marcel bohu\u017eel start nestihl kv\u016fli technick\u00fdm probl\u00e9m\u016fm <\/p>\n<p> <img decoding=\"async\" src=\"\/wordpress\/image\/k_clankum\/hbpardubice10\/IMG_2962.JPG\"><br \/> Katka Krebsov\u00e1 spolukomentovala z\u00e1vod <\/p>\n<p> <img decoding=\"async\" src=\"\/wordpress\/image\/k_clankum\/hbpardubice10\/IMG_2971.JPG\"><br \/> Pr\u016fjezd tandem\u016f 1. kolem <\/p>\n<p> <img decoding=\"async\" src=\"\/wordpress\/image\/k_clankum\/hbpardubice10\/IMG_2972.JPG\"> <\/p>\n<p> <img decoding=\"async\" src=\"\/wordpress\/image\/k_clankum\/hbpardubice10\/IMG_2973.JPG\"> <\/p>\n<p> <img decoding=\"async\" src=\"\/wordpress\/image\/k_clankum\/hbpardubice10\/IMG_2981.JPG\"><br \/> Tom\u00e1\u0161 Mo\u0161ni\u010dka <\/p>\n<p> <img decoding=\"async\" src=\"\/wordpress\/image\/k_clankum\/hbpardubice10\/IMG_2985.JPG\"><br \/> Radek Fabi\u00e1n <\/p>\n<p> <img decoding=\"async\" src=\"\/wordpress\/image\/k_clankum\/hbpardubice10\/IMG_2991.JPG\"><br \/> Slovensk\u00e1 hanbikerka a jedin\u00e1 \u017eena ve startovn\u00edm poli handbik\u016f Ani\u010dka Oroszov\u00e1 <\/p>\n<p> <img decoding=\"async\" src=\"\/wordpress\/image\/k_clankum\/hbpardubice10\/IMG_2997.JPG\"><br \/> Tandem Pavel Bur\u00e1\u0148 a Ale\u0161 Moravec <\/p>\n<p> <img decoding=\"async\" src=\"\/wordpress\/image\/k_clankum\/hbpardubice10\/IMG_2999.JPG\"><br \/> \u017densk\u00fd tandem M\u00ed\u0161a Pajkertov\u00e1 a Mirka Sedl\u00e1\u010dkov\u00e1 <\/p>\n<p> <img decoding=\"async\" src=\"\/wordpress\/image\/k_clankum\/hbpardubice10\/IMG_3014.JPG\"><br \/> Pavel Folt\u00fdn <\/p>\n<p> <img decoding=\"async\" src=\"\/wordpress\/image\/k_clankum\/hbpardubice10\/IMG_3015.JPG\"><br \/> \u010celo z\u00e1vodu handbik\u016f <\/p>\n<p> <img decoding=\"async\" src=\"\/wordpress\/image\/k_clankum\/hbpardubice10\/IMG_3016.JPG\"> <\/p>\n<p> <img decoding=\"async\" src=\"\/wordpress\/image\/k_clankum\/hbpardubice10\/IMG_3024.JPG\"><br \/> Marcel Pipek i p\u0159esto, \u017ee nestihnul start, vyjel na tra\u0165 <\/p>\n<p> <img decoding=\"async\" src=\"\/wordpress\/image\/k_clankum\/hbpardubice10\/IMG_3038.JPG\"><br \/> V c\u00edli v\u00edt\u011bzn\u00fd Daniel Kuk\u017ea p\u0159ed Zby\u0148kem \u0160vehlou (oba kategorie H3) <\/p>\n<p> <img decoding=\"async\" src=\"\/wordpress\/image\/k_clankum\/hbpardubice10\/IMG_3040.JPG\"><br \/> \u2026 a Michalem \u0160i\u0161kou (H2) <\/p>\n<p> <img decoding=\"async\" src=\"\/wordpress\/image\/k_clankum\/hbpardubice10\/IMG_3042.JPG\"><br \/> Honza Tom\u00e1nek <\/p>\n<p> <img decoding=\"async\" src=\"\/wordpress\/image\/k_clankum\/hbpardubice10\/IMG_3043.JPG\"><br \/> Standa B\u00edza <\/p>\n<p> <img decoding=\"async\" src=\"\/wordpress\/image\/k_clankum\/hbpardubice10\/IMG_3045.JPG\"><br \/> V\u00edt\u011bzn\u00fd tandem Moflar-Chyba <\/p>\n<p> <img decoding=\"async\" src=\"\/wordpress\/image\/k_clankum\/hbpardubice10\/IMG_3047.JPG\"><br \/> \u2026dokon\u010dil z\u00e1vod se spadl\u00fdm \u0159et\u011bzem <\/p>\n<p> <img decoding=\"async\" src=\"\/wordpress\/image\/k_clankum\/hbpardubice10\/IMG_3074.JPG\"> <\/p>\n<p> <img decoding=\"async\" src=\"\/wordpress\/image\/k_clankum\/hbpardubice10\/IMG_3080.jpg\"><br \/> \u00danava po dojezdu <\/p>\n<p> <img decoding=\"async\" src=\"\/wordpress\/image\/k_clankum\/hbpardubice10\/IMG_3081.jpg\"><br \/> \u010cerstv\u00e9 \u201edojmy\u201c ze z\u00e1vodu je t\u0159eba probrat s tren\u00e9ry <\/p>\n<p> <img decoding=\"async\" src=\"\/wordpress\/image\/k_clankum\/hbpardubice10\/IMG_3083.jpg\"><br \/> \u201eDob\u0159\u00ed holubi se vraceji\u201c :-)))) \u2013 Marcel p\u0159ijel kluk\u016fm pogratulovat <\/p>\n<p> <img decoding=\"async\" src=\"\/wordpress\/image\/k_clankum\/hbpardubice10\/IMG_3089.JPG\"><br \/> Michal \u0160i\u0161ka v o\u010dek\u00e1v\u00e1ni na interwiev <\/p>\n<p> <img decoding=\"async\" src=\"\/wordpress\/image\/k_clankum\/hbpardubice10\/IMG_3095.JPG\"><br \/> Du\u0161an Pet\u0159valsky ukazuje defekt Marcelovi <\/p>\n<p> <img decoding=\"async\" src=\"\/wordpress\/image\/k_clankum\/hbpardubice10\/IMG_3096.JPG\"><br \/> V\u00edt\u011bzn\u00fd tandem Moflar-Chyba v oble\u017een\u00ed novin\u00e1\u0159\u016f <\/p>\n<p> <img decoding=\"async\" src=\"\/wordpress\/image\/k_clankum\/hbpardubice10\/IMG_3097.JPG\"> <\/p>\n<p> <img decoding=\"async\" src=\"\/wordpress\/image\/k_clankum\/hbpardubice10\/IMG_3107.JPG\"><br \/> Marcel v oble\u017een\u00ed \u017een <\/p>\n<p> <img decoding=\"async\" src=\"\/wordpress\/image\/k_clankum\/hbpardubice10\/IMG_3108.JPG\"> <\/p>\n<p> <img decoding=\"async\" src=\"\/wordpress\/image\/k_clankum\/hbpardubice10\/IMG_3161.JPG\"><br \/> Pavel Bur\u00e1\u0148 p\u0159edal svou v\u00fdhru Jirkovi Chybovi \u2013 \u017ee by prohran\u00e1 s\u00e1zka? <\/p>\n<p> <img decoding=\"async\" src=\"\/wordpress\/image\/k_clankum\/hbpardubice10\/IMG_3167.JPG\"><br \/> \u201eO\u0161erpovan\u00e1\u201c tandemov\u00e1 pos\u00e1dka <\/p>\n<p> <img decoding=\"async\" src=\"\/wordpress\/image\/k_clankum\/hbpardubice10\/IMG_3200.JPG\"><br \/> A jak m\u016f\u017eete vid\u011bt na n\u00e1sleduj\u00edc\u00edch fotk\u00e1ch,\u010dlenov\u00e9 realiza\u010dn\u00edch t\u00fdm\u016f jsou st\u00e1le ve st\u0159ehu a v poklusu <\/p>\n<p> <img decoding=\"async\" src=\"\/wordpress\/image\/k_clankum\/hbpardubice10\/IMG_3201.JPG\"> <\/p>\n<p> <img decoding=\"async\" src=\"\/wordpress\/image\/k_clankum\/hbpardubice10\/IMG_3203a.JPG\"><br \/> \u2026 aby zajistili chod t\u00fdmu <\/p>\n<p> <img decoding=\"async\" src=\"\/wordpress\/image\/k_clankum\/hbpardubice10\/IMG_3207.JPG\"><\/p>\n<p> <img decoding=\"async\" src=\"\/wordpress\/image\/k_clankum\/hbpardubice10\/IMG_3208.jpg\"><br \/> Z\u00e1v\u011brem si polo\u017eme \u0159e\u010dnickou ot\u00e1zku:\u201c Je shoda barev dresu (pravicov\u011b sm\u00fd\u0161lej\u00edc\u00edho) t\u00fdmu Rubena Specialized a autobusu Zem\u00e1k \u010dist\u011b n\u00e1hodn\u00e1??\u201c :-))) <\/p>\n","protected":false},"excerpt":{"rendered":"<a href=\"https:\/\/www.caths.cz\/wordpress\/fotoreportaz-z-pardubic-zavody-handbiku-a-tandemu\/\"><img loading=\"lazy\" decoding=\"async\" width=\"100\" height=\"100\" src=\"https:\/\/www.caths.cz\/wordpress\/wp-content\/plugins\/thumbnail-for-excerpts\/tfe_no_thumb.png\" class=\"alignleft wp-post-image tfe\" alt=\"\" title=\"\" \/><\/a><p>foto: P. Vodi\u010dka a J. Krakovi\u010dov\u00e1 v\u00fdsledky zde P\u0159\u00edprava tandem\u016f po p\u0159\u00edjezdu do Pardubic Kontrola galusky tandemu &#8211; uveze n\u00e1s to oba? P\u0159\u00edjezd na start \u2013 Ji\u0159\u00ed Chyba a Marek [&hellip;]<\/p>\n","protected":false},"author":1,"featured_media":0,"comment_status":"closed","ping_status":"closed","sticky":false,"template":"","format":"standard","meta":{"ngg_post_thumbnail":0,"footnotes":""},"categories":[8],"tags":[],"class_list":["post-1403","post","type-post","status-publish","format-standard","hentry","category-fotoreporty"],"_links":{"self":[{"href":"https:\/\/www.caths.cz\/wordpress\/wp-json\/wp\/v2\/posts\/1403","targetHints":{"allow":["GET"]}}],"collection":[{"href":"https:\/\/www.caths.cz\/wordpress\/wp-json\/wp\/v2\/posts"}],"about":[{"href":"https:\/\/www.caths.cz\/wordpress\/wp-json\/wp\/v2\/types\/post"}],"author":[{"embeddable":true,"href":"https:\/\/www.caths.cz\/wordpress\/wp-json\/wp\/v2\/users\/1"}],"replies":[{"embeddable":true,"href":"https:\/\/www.caths.cz\/wordpress\/wp-json\/wp\/v2\/comments?post=1403"}],"version-history":[{"count":0,"href":"https:\/\/www.caths.cz\/wordpress\/wp-json\/wp\/v2\/posts\/1403\/revisions"}],"wp:attachment":[{"href":"https:\/\/www.caths.cz\/wordpress\/wp-json\/wp\/v2\/media?parent=1403"}],"wp:term":[{"taxonomy":"category","embeddable":true,"href":"https:\/\/www.caths.cz\/wordpress\/wp-json\/wp\/v2\/categories?post=1403"},{"taxonomy":"post_tag","embeddable":true,"href":"https:\/\/www.caths.cz\/wordpress\/wp-json\/wp\/v2\/tags?post=1403"}],"curies":[{"name":"wp","href":"https:\/\/api.w.org\/{rel}","templated":true}]}}