{"id":1401,"date":"2010-04-13T22:04:30","date_gmt":"2010-04-13T21:04:30","guid":{"rendered":"http:\/\/www.caths.cz\/wordpress\/?p=1401"},"modified":"2010-04-13T22:04:30","modified_gmt":"2010-04-13T21:04:30","slug":"7-ruhr-city-cup-baldeneysee-zprava-z-poharoveho-zavodu-lodni-tridy-24mr","status":"publish","type":"post","link":"https:\/\/www.caths.cz\/wordpress\/7-ruhr-city-cup-baldeneysee-zprava-z-poharoveho-zavodu-lodni-tridy-24mr\/","title":{"rendered":"7. Ruhr City Cup Baldeneysee \u2013 zpr\u00e1va z poh\u00e1rov\u00e9ho z\u00e1vodu lodn\u00ed t\u0159\u00eddy 2.4mR"},"content":{"rendered":"<p align=\"justify\">\nPosledn\u00ed b\u0159eznov\u00fd v\u00edkend se jel prvn\u00ed mezin\u00e1rodn\u00ed poh\u00e1rov\u00fd z\u00e1vod n\u011bmeck\u00e9 flotily lod\u00ed 2.4mR \u2013 7. Ruhr City Cup na jeze\u0159e Baldeneysee u Essenu.<\/p>\n<p align=\"justify\"> Z\u00e1vod\u016f ze z\u00fa\u010dastnilo 17 pos\u00e1dek z D\u00e1nska, Holandska, N\u011bmecka, \u010ceska a novinkou byla p\u0159\u00edtomnost dvou lod\u00ed z Belgie. Je t\u0159eba podotknout, \u017ee lodn\u00ed t\u0159\u00edda je st\u00e1le v\u00edce v oblib\u011b u jachta\u0159\u016f s velk\u00fdmi zku\u0161enostmi z velk\u00fdch lod\u00ed, nebo b\u00fdval\u00fdch olympijsk\u00fdch reprezentant\u016f. <br \/> To je pr\u00e1v\u011b p\u0159\u00edpad belgick\u00fdch pos\u00e1dek \u2013 Freda Imhoffa a Richarda van Rije \u2013 b\u00fdval\u00fdch a olympijsk\u00fdch reprezentant\u016f v lodn\u00ed t\u0159\u00edd\u011b Dragon. Jejich dlouholet\u00e9 zku\u0161enosti se samoz\u0159ejm\u011b projevily na jejich um\u00edst\u011bn\u00ed v tomto z\u00e1vod\u011b. <br \/> Z\u00e1vodu se rovn\u011b\u017e z\u00fa\u010dastnil u n\u00e1s zn\u00e1m\u00fd &#8222;fina\u0159&#8220; a tren\u00e9r n\u011bmeck\u00e9ho olympijsk\u00e9ho reprezentanta \u2013 Eberhard Bieberitz. <br \/>Rovn\u011b\u017e v\u00edt\u011bz tohoto z\u00e1vodu Stephan Giesen je vynikaj\u00edc\u00ed jachta\u0159 v jin\u00fdch lodn\u00edch t\u0159\u00edd\u00e1ch \u2013 a pro zaj\u00edmavost \u2013 hlavn\u00edm rozhod\u010d\u00edm na Kielerwoche pro tuto lodn\u00ed t\u0159\u00eddu.<\/p>\n<p> Z celkov\u00e9ho po\u010dtu 17 z\u00e1vod\u00edc\u00edch lod\u00ed bylo 5 pos\u00e1dek &#8222;hendikepovan\u00fdch&#8220;.<\/p>\n<p> V t\u00e9to kategorii bylo po\u0159ad\u00ed n\u00e1sleduj\u00edc\u00ed:<\/p>\n<p> 1. Lasse Kloetzing GER 44<br \/> 2. Detlef Mueller-Boeling GER 99<br \/> 3. Alexander Sad\u00edlek CZE 4<br \/> 4. Michael Kempf GER 9<br \/> 5. Jasper Zuidervaart<\/p>\n<p> Celkov\u00e9 po\u0159ad\u00ed:<\/p>\n<p> 1. Stephan Giesen GER 64<br \/> 2. Fred Imhoff BEL 12<br \/> 3. Eberhard Bieberitz GER 111<br \/> 4. Richard van Rij BEL 11<br \/> 5. Lasse Klotzing GER 44<br \/> 6. Bendt Moeller-Soerensen DEN 107<br \/> 7. Axel Boddem GER 68<br \/> 8. Deltlef Mueller-Boeling GER 99<br \/> 9. Alexander Sad\u00edlek CZE 4<br \/> 10.Joerg Feder GER 2<br \/> .<br \/> .<br \/> 17. Hans Ditrich Riewendt GER 31<\/p>\n<p> Celkov\u00e9 v\u00fdsledky lze rovn\u011b\u017e st\u00e1hnout <strong><a href=\"http:\/\/www.wsb1919.de\/uploads\/media\/Ergebnisliste.pdf\"><font color=\"#0066CC\">zde <\/font><\/a><\/strong><\/p>\n<p> Dal\u0161\u00edm v\u00fdznamn\u00fdm z\u00e1vodem, kter\u00e9ho se reprezentant Alex Sad\u00edlek z\u00fa\u010dastn\u00ed, je Sv\u011btov\u00fd Poh\u00e1r- Semaine Olympique Francaise de Voile, v jihofrancouzsk\u00e9m Hy&#232;res &#8211; 23. dubna t.r. <\/p>\n<p><em> -Alexander Sad\u00edlek- <\/em><\/p>\n","protected":false},"excerpt":{"rendered":"<a href=\"https:\/\/www.caths.cz\/wordpress\/7-ruhr-city-cup-baldeneysee-zprava-z-poharoveho-zavodu-lodni-tridy-24mr\/\"><img loading=\"lazy\" decoding=\"async\" width=\"100\" height=\"100\" src=\"https:\/\/www.caths.cz\/wordpress\/wp-content\/plugins\/thumbnail-for-excerpts\/tfe_no_thumb.png\" class=\"alignleft wp-post-image tfe\" alt=\"\" title=\"\" \/><\/a><p>Posledn\u00ed b\u0159eznov\u00fd v\u00edkend se jel prvn\u00ed mezin\u00e1rodn\u00ed poh\u00e1rov\u00fd z\u00e1vod n\u011bmeck\u00e9 flotily lod\u00ed 2.4mR \u2013 7. Ruhr City Cup na jeze\u0159e Baldeneysee u Essenu. Z\u00e1vod\u016f ze z\u00fa\u010dastnilo 17 pos\u00e1dek z D\u00e1nska, [&hellip;]<\/p>\n","protected":false},"author":1,"featured_media":0,"comment_status":"closed","ping_status":"closed","sticky":false,"template":"","format":"standard","meta":{"ngg_post_thumbnail":0,"footnotes":""},"categories":[11],"tags":[],"class_list":["post-1401","post","type-post","status-publish","format-standard","hentry","category-jachting"],"_links":{"self":[{"href":"https:\/\/www.caths.cz\/wordpress\/wp-json\/wp\/v2\/posts\/1401","targetHints":{"allow":["GET"]}}],"collection":[{"href":"https:\/\/www.caths.cz\/wordpress\/wp-json\/wp\/v2\/posts"}],"about":[{"href":"https:\/\/www.caths.cz\/wordpress\/wp-json\/wp\/v2\/types\/post"}],"author":[{"embeddable":true,"href":"https:\/\/www.caths.cz\/wordpress\/wp-json\/wp\/v2\/users\/1"}],"replies":[{"embeddable":true,"href":"https:\/\/www.caths.cz\/wordpress\/wp-json\/wp\/v2\/comments?post=1401"}],"version-history":[{"count":0,"href":"https:\/\/www.caths.cz\/wordpress\/wp-json\/wp\/v2\/posts\/1401\/revisions"}],"wp:attachment":[{"href":"https:\/\/www.caths.cz\/wordpress\/wp-json\/wp\/v2\/media?parent=1401"}],"wp:term":[{"taxonomy":"category","embeddable":true,"href":"https:\/\/www.caths.cz\/wordpress\/wp-json\/wp\/v2\/categories?post=1401"},{"taxonomy":"post_tag","embeddable":true,"href":"https:\/\/www.caths.cz\/wordpress\/wp-json\/wp\/v2\/tags?post=1401"}],"curies":[{"name":"wp","href":"https:\/\/api.w.org\/{rel}","templated":true}]}}