{"id":1400,"date":"2010-04-13T13:03:16","date_gmt":"2010-04-13T12:03:16","guid":{"rendered":"http:\/\/www.caths.cz\/wordpress\/?p=1400"},"modified":"2010-04-13T13:03:16","modified_gmt":"2010-04-13T12:03:16","slug":"biker-jaroslav-kulhavy-prijal-patronat-nad-ceskym-poharem-mtb-handicapovanych","status":"publish","type":"post","link":"https:\/\/www.caths.cz\/wordpress\/biker-jaroslav-kulhavy-prijal-patronat-nad-ceskym-poharem-mtb-handicapovanych\/","title":{"rendered":"Biker Jaroslav Kulhav\u00fd p\u0159ijal patron\u00e1t nad \u010cesk\u00fdm poh\u00e1rem MTB handicapovan\u00fdch"},"content":{"rendered":"<p align=\"justify\">\nV\u010dera jsme v\u00e1s informovali o seri\u00e1lu \u010cP horsk\u00fdch kol handicapovan\u00fdch.<\/p>\n<p align=\"justify\"> Skv\u011blou zpr\u00e1vou je i to, \u017ee patron\u00e1t nad cel\u00fdm projektem p\u0159ijal n\u00e1\u0161 nejlep\u0161\u00ed jezdec na horsk\u00e9m kole, mistr sv\u011bta, Evropy, mnohon\u00e1sobn\u00fd mistr \u010cR, \u00fa\u010dastn\u00edk olympi\u00e1dy v At\u00e9n\u00e1ch a Pekingu, medailista MS v kategori\u00edch U 23, Jaroslav Kulhav\u00fd. Tento teprve 25 let\u00fd sv\u011b\u0159enec tren\u00e9ra Viktora Zapletala a jezdec t\u00fdmu Rubena Birell Specialized pat\u0159\u00ed k nejlep\u0161\u00edm sou\u010dasn\u00fdm jezdc\u016fm sv\u011bta na horsk\u00e9m kole a je odbornou ve\u0159ejnost\u00ed pokl\u00e1d\u00e1n za jednu z nejv\u011bt\u0161\u00edch medailov\u00fdch nad\u011bj\u00ed \u010desk\u00e9 cyklistiky pro olympijsk\u00e9 hry v Lond\u00fdn\u011b 2012. <\/p>\n<p> <img decoding=\"async\" src=\"\/wordpress\/image\/k_clankum\/kulhac.jpg\"><\/p>\n<p>FOTO: Michal \u010cerven\u00fd<\/p>\n","protected":false},"excerpt":{"rendered":"<a href=\"https:\/\/www.caths.cz\/wordpress\/biker-jaroslav-kulhavy-prijal-patronat-nad-ceskym-poharem-mtb-handicapovanych\/\"><img loading=\"lazy\" decoding=\"async\" width=\"100\" height=\"100\" src=\"https:\/\/www.caths.cz\/wordpress\/wp-content\/plugins\/thumbnail-for-excerpts\/tfe_no_thumb.png\" class=\"alignleft wp-post-image tfe\" alt=\"\" title=\"\" \/><\/a><p>V\u010dera jsme v\u00e1s informovali o seri\u00e1lu \u010cP horsk\u00fdch kol handicapovan\u00fdch. Skv\u011blou zpr\u00e1vou je i to, \u017ee patron\u00e1t nad cel\u00fdm projektem p\u0159ijal n\u00e1\u0161 nejlep\u0161\u00ed jezdec na horsk\u00e9m kole, mistr sv\u011bta, Evropy, [&hellip;]<\/p>\n","protected":false},"author":1,"featured_media":0,"comment_status":"closed","ping_status":"closed","sticky":false,"template":"","format":"standard","meta":{"ngg_post_thumbnail":0,"footnotes":""},"categories":[40],"tags":[],"class_list":["post-1400","post","type-post","status-publish","format-standard","hentry","category-pojed-s-nami"],"_links":{"self":[{"href":"https:\/\/www.caths.cz\/wordpress\/wp-json\/wp\/v2\/posts\/1400","targetHints":{"allow":["GET"]}}],"collection":[{"href":"https:\/\/www.caths.cz\/wordpress\/wp-json\/wp\/v2\/posts"}],"about":[{"href":"https:\/\/www.caths.cz\/wordpress\/wp-json\/wp\/v2\/types\/post"}],"author":[{"embeddable":true,"href":"https:\/\/www.caths.cz\/wordpress\/wp-json\/wp\/v2\/users\/1"}],"replies":[{"embeddable":true,"href":"https:\/\/www.caths.cz\/wordpress\/wp-json\/wp\/v2\/comments?post=1400"}],"version-history":[{"count":0,"href":"https:\/\/www.caths.cz\/wordpress\/wp-json\/wp\/v2\/posts\/1400\/revisions"}],"wp:attachment":[{"href":"https:\/\/www.caths.cz\/wordpress\/wp-json\/wp\/v2\/media?parent=1400"}],"wp:term":[{"taxonomy":"category","embeddable":true,"href":"https:\/\/www.caths.cz\/wordpress\/wp-json\/wp\/v2\/categories?post=1400"},{"taxonomy":"post_tag","embeddable":true,"href":"https:\/\/www.caths.cz\/wordpress\/wp-json\/wp\/v2\/tags?post=1400"}],"curies":[{"name":"wp","href":"https:\/\/api.w.org\/{rel}","templated":true}]}}