{"id":1399,"date":"2010-04-12T17:44:45","date_gmt":"2010-04-12T16:44:45","guid":{"rendered":"http:\/\/www.caths.cz\/wordpress\/?p=1399"},"modified":"2010-04-12T17:44:45","modified_gmt":"2010-04-12T16:44:45","slug":"pojed-s-nami-cesky-pohar-horskych-kol-handicapovanych-cyklistu","status":"publish","type":"post","link":"https:\/\/www.caths.cz\/wordpress\/pojed-s-nami-cesky-pohar-horskych-kol-handicapovanych-cyklistu\/","title":{"rendered":"&quot;Poje\u010f s n\u00e1mi&quot; &#8211; \u010cesk\u00fd poh\u00e1r horsk\u00fdch kol handicapovan\u00fdch cyklist\u016f"},"content":{"rendered":"<p align=\"justify\"> A tak vznikla silni\u010dn\u00ed \u010d\u00e1st tohoto projektu &#8211; Liga Cyklovary a \u010cP tandem\u016f 2010, kter\u00e1 ji\u017e byla \u00fasp\u011b\u0161n\u011b zah\u00e1jena a nyn\u00ed se chyst\u00e1 ostr\u00fd start nem\u00e9n\u011b atraktivn\u00edch z\u00e1vod\u016f \u010cesk\u00e9ho poh\u00e1ru horsk\u00fdch kol.<\/p>\n<p> V p\u0159\u00edloze najdete v\u0161e pot\u0159ebn\u00e9 o tomto projektu, nicm\u00e9n\u011b poj\u010fme si nast\u00ednit v bodech, co mo\u017en\u00e1 nev\u00edte:<\/p>\n<p> &#8211; idea vzniku \u010cP MTB vznikla v lo\u0148sk\u00e9m roce po sch\u016fzce bikera Tom\u00e1\u0161e Poucha s p\u0159edsedou sekce cyklistiky Viktorem Zapletalem<\/p>\n<p> &#8211; projekt bylo mo\u017en\u00e9 realizovat p\u0159edev\u0161\u00edm d\u00edky obdivuhodn\u00e9mu nad\u0161en\u00ed klubu <strong>\u010cERN\u00cd KON\u011a<\/strong> a c\u00edlev\u011bdomosti <strong>Tom\u00e1\u0161e Poucha<\/strong>, kter\u00fd tak\u00e9 byl jmenovan\u00fd \u0159editelem seri\u00e1lu<\/p>\n<p> &#8211; projekt je otev\u0159en\u00fd i pro handbike<\/p>\n<p> &#8211; z\u00e1vod m\u00e1 vypsan\u00e9 Mistrovstv\u00ed republiky, tak\u017ee v tomto roce v\u00e1s budeme moci sezn\u00e1mit s historicky prvn\u00edmi handicapovan\u00fdmi mistry \u010cR na horsk\u00e9m kole<\/p>\n<p> &#8211; z\u00e1vody jsou po\u0159\u00e1d\u00e1ny v r\u00e1mci seri\u00e1lu Kolo pro \u017eivot a po\u0159adatel\u00e9 t\u00edmto vzd\u00e1vaj\u00ed ve\u0159ejn\u00fd d\u00edk \u0159editeli z\u00e1vod\u016f Kolo pro \u017eivot, Romanovi \u010cerm\u00e1kovi<\/p>\n<p> &#8211; i tento projekt, jak jsme si ji\u017e u cyklist\u016f zvykli, sm\u011b\u0159uje mnohem v\u00fd\u0161e, ne\u017e aby byl pouze region\u00e1ln\u00ed z\u00e1le\u017eitost\u00ed \u010cesk\u00e9 republiky. Pro rok 2011 je tedy v pl\u00e1nu pov\u00fd\u0161it seri\u00e1l na Evropsk\u00fd poh\u00e1r MTB<\/p>\n<p> &#8211; v jedn\u00e1n\u00ed je i uspo\u0159\u00e1d\u00e1n\u00ed historicky prvn\u00edho mistrovstv\u00ed sv\u011bta MTB handicapovan\u00fdch cyklist\u016f<\/p>\n<p> Z\u00e1kladn\u00ed informace o \u010cP horsk\u00fdch kol handicapovan\u00fdch cyklist\u016f naleznete <a href=\"http:\/\/www.caths.cz\/storage\/cyklistika\/CP MTB handicap.doc\"> zde<\/a> <\/p>\n<p> <img decoding=\"async\" src=\"\/wordpress\/image\/k_clankum\/SUPERteam.JPG\"><\/p>\n<p> <img decoding=\"async\" src=\"\/wordpress\/image\/k_clankum\/hanbikeMTB.JPG\"><\/p>\n<p> <img decoding=\"async\" src=\"\/wordpress\/image\/k_clankum\/hanbikeMTB01.JPG\"><\/p>\n<p> <img decoding=\"async\" src=\"\/wordpress\/image\/k_clankum\/MMEurope_handicap.jpg\"><\/p>\n","protected":false},"excerpt":{"rendered":"<a href=\"https:\/\/www.caths.cz\/wordpress\/pojed-s-nami-cesky-pohar-horskych-kol-handicapovanych-cyklistu\/\"><img loading=\"lazy\" decoding=\"async\" width=\"100\" height=\"100\" src=\"https:\/\/www.caths.cz\/wordpress\/wp-content\/plugins\/thumbnail-for-excerpts\/tfe_no_thumb.png\" class=\"alignleft wp-post-image tfe\" alt=\"\" title=\"\" \/><\/a><p>A tak vznikla silni\u010dn\u00ed \u010d\u00e1st tohoto projektu &#8211; Liga Cyklovary a \u010cP tandem\u016f 2010, kter\u00e1 ji\u017e byla \u00fasp\u011b\u0161n\u011b zah\u00e1jena a nyn\u00ed se chyst\u00e1 ostr\u00fd start nem\u00e9n\u011b atraktivn\u00edch z\u00e1vod\u016f \u010cesk\u00e9ho poh\u00e1ru [&hellip;]<\/p>\n","protected":false},"author":1,"featured_media":0,"comment_status":"closed","ping_status":"closed","sticky":false,"template":"","format":"standard","meta":{"ngg_post_thumbnail":0,"footnotes":""},"categories":[40],"tags":[],"class_list":["post-1399","post","type-post","status-publish","format-standard","hentry","category-pojed-s-nami"],"_links":{"self":[{"href":"https:\/\/www.caths.cz\/wordpress\/wp-json\/wp\/v2\/posts\/1399","targetHints":{"allow":["GET"]}}],"collection":[{"href":"https:\/\/www.caths.cz\/wordpress\/wp-json\/wp\/v2\/posts"}],"about":[{"href":"https:\/\/www.caths.cz\/wordpress\/wp-json\/wp\/v2\/types\/post"}],"author":[{"embeddable":true,"href":"https:\/\/www.caths.cz\/wordpress\/wp-json\/wp\/v2\/users\/1"}],"replies":[{"embeddable":true,"href":"https:\/\/www.caths.cz\/wordpress\/wp-json\/wp\/v2\/comments?post=1399"}],"version-history":[{"count":0,"href":"https:\/\/www.caths.cz\/wordpress\/wp-json\/wp\/v2\/posts\/1399\/revisions"}],"wp:attachment":[{"href":"https:\/\/www.caths.cz\/wordpress\/wp-json\/wp\/v2\/media?parent=1399"}],"wp:term":[{"taxonomy":"category","embeddable":true,"href":"https:\/\/www.caths.cz\/wordpress\/wp-json\/wp\/v2\/categories?post=1399"},{"taxonomy":"post_tag","embeddable":true,"href":"https:\/\/www.caths.cz\/wordpress\/wp-json\/wp\/v2\/tags?post=1399"}],"curies":[{"name":"wp","href":"https:\/\/api.w.org\/{rel}","templated":true}]}}