{"id":1398,"date":"2010-04-12T12:21:25","date_gmt":"2010-04-12T11:21:25","guid":{"rendered":"http:\/\/www.caths.cz\/wordpress\/?p=1398"},"modified":"2010-04-12T12:21:25","modified_gmt":"2010-04-12T11:21:25","slug":"blizi-se-prvni-rocnik-mtb-ceskeho-poharu-handicapovanych-cyklistu","status":"publish","type":"post","link":"https:\/\/www.caths.cz\/wordpress\/blizi-se-prvni-rocnik-mtb-ceskeho-poharu-handicapovanych-cyklistu\/","title":{"rendered":"Bl\u00ed\u017e\u00ed se prvn\u00ed ro\u010dn\u00edk MTB \u010cesk\u00e9ho poh\u00e1ru handicapovan\u00fdch cyklist\u016f!"},"content":{"rendered":"<p>Upout\u00e1vka ke sta\u017een\u00ed <a href=\"http:\/\/www.caths.cz\/storage\/cyklistika\/spot handicap MTB pohar.avi\"> zde<\/a><img decoding=\"async\" src=\"\/wordpress\/image\/k_clankum\/pojed_big.jpg\"><\/p>\n","protected":false},"excerpt":{"rendered":"<a href=\"https:\/\/www.caths.cz\/wordpress\/blizi-se-prvni-rocnik-mtb-ceskeho-poharu-handicapovanych-cyklistu\/\"><img loading=\"lazy\" decoding=\"async\" width=\"100\" height=\"100\" src=\"https:\/\/www.caths.cz\/wordpress\/wp-content\/plugins\/thumbnail-for-excerpts\/tfe_no_thumb.png\" class=\"alignleft wp-post-image tfe\" alt=\"\" title=\"\" \/><\/a><p>Upout\u00e1vka ke sta\u017een\u00ed zde<\/p>\n","protected":false},"author":1,"featured_media":0,"comment_status":"closed","ping_status":"closed","sticky":false,"template":"","format":"standard","meta":{"ngg_post_thumbnail":0,"footnotes":""},"categories":[40],"tags":[],"class_list":["post-1398","post","type-post","status-publish","format-standard","hentry","category-pojed-s-nami"],"_links":{"self":[{"href":"https:\/\/www.caths.cz\/wordpress\/wp-json\/wp\/v2\/posts\/1398","targetHints":{"allow":["GET"]}}],"collection":[{"href":"https:\/\/www.caths.cz\/wordpress\/wp-json\/wp\/v2\/posts"}],"about":[{"href":"https:\/\/www.caths.cz\/wordpress\/wp-json\/wp\/v2\/types\/post"}],"author":[{"embeddable":true,"href":"https:\/\/www.caths.cz\/wordpress\/wp-json\/wp\/v2\/users\/1"}],"replies":[{"embeddable":true,"href":"https:\/\/www.caths.cz\/wordpress\/wp-json\/wp\/v2\/comments?post=1398"}],"version-history":[{"count":0,"href":"https:\/\/www.caths.cz\/wordpress\/wp-json\/wp\/v2\/posts\/1398\/revisions"}],"wp:attachment":[{"href":"https:\/\/www.caths.cz\/wordpress\/wp-json\/wp\/v2\/media?parent=1398"}],"wp:term":[{"taxonomy":"category","embeddable":true,"href":"https:\/\/www.caths.cz\/wordpress\/wp-json\/wp\/v2\/categories?post=1398"},{"taxonomy":"post_tag","embeddable":true,"href":"https:\/\/www.caths.cz\/wordpress\/wp-json\/wp\/v2\/tags?post=1398"}],"curies":[{"name":"wp","href":"https:\/\/api.w.org\/{rel}","templated":true}]}}