{"id":1380,"date":"2010-03-28T11:48:59","date_gmt":"2010-03-28T10:48:59","guid":{"rendered":"http:\/\/www.caths.cz\/wordpress\/?p=1380"},"modified":"2010-03-28T11:48:59","modified_gmt":"2010-03-28T10:48:59","slug":"v-nedeli-44-2010-startuje-prvni-zavod-ligy-cyklovary-a-ceskeho-poharu-tandemu-2010","status":"publish","type":"post","link":"https:\/\/www.caths.cz\/wordpress\/v-nedeli-44-2010-startuje-prvni-zavod-ligy-cyklovary-a-ceskeho-poharu-tandemu-2010\/","title":{"rendered":"V ned\u011bli 4.4. 2010 startuje prvn\u00ed z\u00e1vod Ligy Cyklovary a \u010cesk\u00e9ho poh\u00e1ru tandem\u016f 2010!"},"content":{"rendered":"<p align=\"justify\">\nV ned\u011bli 4. dubne odstartuje sv\u016fj prvn\u00ed z\u00e1vod zat\u00edm nejv\u011bt\u0161\u00ed silni\u010dn\u00ed cyklistick\u00fd seri\u00e1l Liga Cyklovary a \u010cesk\u00fd poh\u00e1r tandem\u016f 2010.<\/p>\n<p align=\"justify\"> Organiz\u00e1to\u0159i seri\u00e1lu propojili silni\u010dn\u00ed cyklistick\u00e9 z\u00e1vody po cel\u00e9 republice v unik\u00e1tn\u00ed, integra\u010dn\u00ed projekt, kter\u00e9ho se mohou z\u00fa\u010dastnit prakticky v\u0161ichni cyklist\u00e9 bez rozd\u00edlu, v\u010detn\u011b v\u0161ech kategori\u00ed pro handicapovan\u00e9 cyklisty. Seri\u00e1l je z\u00e1rove\u0148 ji\u017e druh\u00fdm ro\u010dn\u00edkem \u010cesk\u00e9ho poh\u00e1ru pro \u010d\u00edm d\u00e1l v\u00edc popul\u00e1rn\u00ed tandemy.<br \/> Organiz\u00e1torem cel\u00e9ho projektu je SK Handicapovan\u00fdch cyklist\u016f Praha. <\/p>\n<p> V\u00edce v\u00e1m napov\u00ed propozice prvn\u00edho a druh\u00e9ho z\u00e1vodu a v\u0161eobecn\u00e9 ustanoven\u00ed cel\u00e9ho seri\u00e1lu: <\/p>\n<p> V\u0161eobecn\u00e9 informace <a href=\"http:\/\/www.caths.cz\/storage\/cyklistika\/CykloVary CESKY POHAR Tandemu 2010(7).doc\"> zde<\/a> <\/p>\n<p> Propozice 1. kola <a href=\"http:\/\/www.caths.cz\/storage\/cyklistika\/Liga Cyklovary a CPT 2010 - 1. zavod.doc\"> zde<\/a> <br \/>Propozice 2. kola <a href=\"http:\/\/www.caths.cz\/storage\/cyklistika\/Liga Cyklovary a CPT 2010 - 2. zavod.doc\"> zde<\/a><\/p>\n","protected":false},"excerpt":{"rendered":"<a href=\"https:\/\/www.caths.cz\/wordpress\/v-nedeli-44-2010-startuje-prvni-zavod-ligy-cyklovary-a-ceskeho-poharu-tandemu-2010\/\"><img loading=\"lazy\" decoding=\"async\" width=\"100\" height=\"100\" src=\"https:\/\/www.caths.cz\/wordpress\/wp-content\/plugins\/thumbnail-for-excerpts\/tfe_no_thumb.png\" class=\"alignleft wp-post-image tfe\" alt=\"\" title=\"\" \/><\/a><p>V ned\u011bli 4. dubne odstartuje sv\u016fj prvn\u00ed z\u00e1vod zat\u00edm nejv\u011bt\u0161\u00ed silni\u010dn\u00ed cyklistick\u00fd seri\u00e1l Liga Cyklovary a \u010cesk\u00fd poh\u00e1r tandem\u016f 2010. Organiz\u00e1to\u0159i seri\u00e1lu propojili silni\u010dn\u00ed cyklistick\u00e9 z\u00e1vody po cel\u00e9 republice v [&hellip;]<\/p>\n","protected":false},"author":1,"featured_media":0,"comment_status":"closed","ping_status":"closed","sticky":false,"template":"","format":"standard","meta":{"ngg_post_thumbnail":0,"footnotes":""},"categories":[40],"tags":[],"class_list":["post-1380","post","type-post","status-publish","format-standard","hentry","category-pojed-s-nami"],"_links":{"self":[{"href":"https:\/\/www.caths.cz\/wordpress\/wp-json\/wp\/v2\/posts\/1380","targetHints":{"allow":["GET"]}}],"collection":[{"href":"https:\/\/www.caths.cz\/wordpress\/wp-json\/wp\/v2\/posts"}],"about":[{"href":"https:\/\/www.caths.cz\/wordpress\/wp-json\/wp\/v2\/types\/post"}],"author":[{"embeddable":true,"href":"https:\/\/www.caths.cz\/wordpress\/wp-json\/wp\/v2\/users\/1"}],"replies":[{"embeddable":true,"href":"https:\/\/www.caths.cz\/wordpress\/wp-json\/wp\/v2\/comments?post=1380"}],"version-history":[{"count":0,"href":"https:\/\/www.caths.cz\/wordpress\/wp-json\/wp\/v2\/posts\/1380\/revisions"}],"wp:attachment":[{"href":"https:\/\/www.caths.cz\/wordpress\/wp-json\/wp\/v2\/media?parent=1380"}],"wp:term":[{"taxonomy":"category","embeddable":true,"href":"https:\/\/www.caths.cz\/wordpress\/wp-json\/wp\/v2\/categories?post=1380"},{"taxonomy":"post_tag","embeddable":true,"href":"https:\/\/www.caths.cz\/wordpress\/wp-json\/wp\/v2\/tags?post=1380"}],"curies":[{"name":"wp","href":"https:\/\/api.w.org\/{rel}","templated":true}]}}