{"id":1376,"date":"2010-03-26T00:51:46","date_gmt":"2010-03-25T23:51:46","guid":{"rendered":"http:\/\/www.caths.cz\/wordpress\/?p=1376"},"modified":"2010-03-26T00:51:46","modified_gmt":"2010-03-25T23:51:46","slug":"tomas-zelenka-zhodnotil-pusobeni-ceskeho-sledge-hokejoveho-tymu-ve-vancouveru","status":"publish","type":"post","link":"https:\/\/www.caths.cz\/wordpress\/tomas-zelenka-zhodnotil-pusobeni-ceskeho-sledge-hokejoveho-tymu-ve-vancouveru\/","title":{"rendered":"Tom\u00e1\u0161 Zelenka zhodnotil p\u016fsoben\u00ed \u010desk\u00e9ho sledge hokejov\u00e9ho t\u00fdmu ve Vancouveru"},"content":{"rendered":"<p align=\"justify\"> Jsem p\u0159esv\u011bd\u010den, \u017ee \u010desk\u00fd sledge hokejov\u00fd t\u00fdm odehr\u00e1l velice kvalitn\u00ed turnaj a p\u0159ivezl z v\u016fbec prvn\u00ed \u00fa\u010dasti na ZPH ve Vancouveru zaslou\u017een\u00e9 a velmi p\u011bkn\u00e9 5.m\u00edsto. Zavr\u0161il tak \u010dty\u0159let\u00fd cyklus, kter\u00fd byl doposud nejlep\u0161\u00ed v na\u0161\u00ed kr\u00e1tk\u00e9 sledge hokejov\u00e9 historii. Postupn\u00e1 rekapitulace, 2008 \u2013 postup ze skupiny B v Bostonu, 2009 \u2013 5.m\u00edsto na MS v Ostrav\u011b, 2010 \u2013 5.m\u00edsto na ZPH ve Vancouveru, co si v\u00edce m\u016f\u017eeme p\u0159\u00e1t?!<\/p>\n<p> Z paralympijsk\u00e9ho turnaje si nakonec vezeme 2 prohry a 3 v\u00edt\u011bzstv\u00ed, vizitku nejv\u00fd\u0161e um\u00edst\u011bn\u00e9ho amat\u00e9rsk\u00e9ho t\u00fdmu a o stup\u00ednek hor\u0161\u00ed pozici v evropsk\u00e9m srovn\u00e1n\u00ed. Nedojeli jsme pouze se statistikami nebo um\u00edst\u011bn\u00edm, ale p\u0159edev\u0161\u00edm se spoustou zku\u0161enost\u00ed, kter\u00e9 jsou k m\u00e1n\u00ed pr\u00e1v\u011b na t\u011bchto presti\u017en\u00edch turnaj\u00edch a kter\u00e9 jsou nezbytn\u00e9 pro n\u00e1\u0161 rozvoj a bl\u00edzkou budoucnost.<\/p>\n<p> V\u011b\u0159\u00edme, \u017ee v p\u0159\u00ed\u0161t\u00edch letech dok\u00e1\u017eeme z\u00faro\u010dit z\u00edskan\u00e9 zku\u0161enosti a nav\u00e1zat tak na zat\u00edm \u00fasp\u011b\u0161n\u00e9 sledge hokejov\u00e9 ta\u017een\u00ed \u010desk\u00e9ho reprezenta\u010dn\u00edho v\u00fdb\u011bru.<\/p>\n<p> <img decoding=\"async\" src=\"\/wordpress\/image\/k_clankum\/finsledge.jpg\"><\/p>\n","protected":false},"excerpt":{"rendered":"<a href=\"https:\/\/www.caths.cz\/wordpress\/tomas-zelenka-zhodnotil-pusobeni-ceskeho-sledge-hokejoveho-tymu-ve-vancouveru\/\"><img loading=\"lazy\" decoding=\"async\" width=\"100\" height=\"100\" src=\"https:\/\/www.caths.cz\/wordpress\/wp-content\/plugins\/thumbnail-for-excerpts\/tfe_no_thumb.png\" class=\"alignleft wp-post-image tfe\" alt=\"\" title=\"\" \/><\/a><p>Jsem p\u0159esv\u011bd\u010den, \u017ee \u010desk\u00fd sledge hokejov\u00fd t\u00fdm odehr\u00e1l velice kvalitn\u00ed turnaj a p\u0159ivezl z v\u016fbec prvn\u00ed \u00fa\u010dasti na ZPH ve Vancouveru zaslou\u017een\u00e9 a velmi p\u011bkn\u00e9 5.m\u00edsto. Zavr\u0161il tak \u010dty\u0159let\u00fd cyklus, [&hellip;]<\/p>\n","protected":false},"author":1,"featured_media":0,"comment_status":"closed","ping_status":"closed","sticky":false,"template":"","format":"standard","meta":{"ngg_post_thumbnail":0,"footnotes":""},"categories":[37],"tags":[],"class_list":["post-1376","post","type-post","status-publish","format-standard","hentry","category-zph-vancouver-2010"],"_links":{"self":[{"href":"https:\/\/www.caths.cz\/wordpress\/wp-json\/wp\/v2\/posts\/1376","targetHints":{"allow":["GET"]}}],"collection":[{"href":"https:\/\/www.caths.cz\/wordpress\/wp-json\/wp\/v2\/posts"}],"about":[{"href":"https:\/\/www.caths.cz\/wordpress\/wp-json\/wp\/v2\/types\/post"}],"author":[{"embeddable":true,"href":"https:\/\/www.caths.cz\/wordpress\/wp-json\/wp\/v2\/users\/1"}],"replies":[{"embeddable":true,"href":"https:\/\/www.caths.cz\/wordpress\/wp-json\/wp\/v2\/comments?post=1376"}],"version-history":[{"count":0,"href":"https:\/\/www.caths.cz\/wordpress\/wp-json\/wp\/v2\/posts\/1376\/revisions"}],"wp:attachment":[{"href":"https:\/\/www.caths.cz\/wordpress\/wp-json\/wp\/v2\/media?parent=1376"}],"wp:term":[{"taxonomy":"category","embeddable":true,"href":"https:\/\/www.caths.cz\/wordpress\/wp-json\/wp\/v2\/categories?post=1376"},{"taxonomy":"post_tag","embeddable":true,"href":"https:\/\/www.caths.cz\/wordpress\/wp-json\/wp\/v2\/tags?post=1376"}],"curies":[{"name":"wp","href":"https:\/\/api.w.org\/{rel}","templated":true}]}}