{"id":1372,"date":"2010-03-24T17:38:26","date_gmt":"2010-03-24T16:38:26","guid":{"rendered":"http:\/\/www.caths.cz\/wordpress\/?p=1372"},"modified":"2010-03-24T17:38:26","modified_gmt":"2010-03-24T16:38:26","slug":"zaverecna-zprava-petry-syrovatkove-z-lyzovani","status":"publish","type":"post","link":"https:\/\/www.caths.cz\/wordpress\/zaverecna-zprava-petry-syrovatkove-z-lyzovani\/","title":{"rendered":"Z\u00e1v\u011bre\u010dn\u00e1 zpr\u00e1va Petry Syrov\u00e1tkov\u00e9 z ly\u017eov\u00e1n\u00ed"},"content":{"rendered":"<p align=\"justify\">\nT\u00fdm ly\u017ea\u0159\u016f \u010cATHS se 22.3. ve\u010der vr\u00e1til z Vancouveru z X. ZPH.<br \/>\nT\u0159i na\u0161i sjezda\u0159i z\u00e1vodili v p\u011bti discipl\u00edn\u00e1ch na svahu ve Whistleru, kde si<br \/>\npo\u010das\u00ed stejn\u011b jako na Olympi\u00e1d\u011b se z\u00e1vodn\u00edky a jejich t\u00fdmy p\u011bkn\u011b zahr\u00e1valo.<\/p>\n<p align=\"justify\"> Kv\u016fli \u0161patn\u00e9 viditelnosti se neust\u00e1le odkl\u00e1daly tr\u00e9ninky sjezdu a odjel se nakonec jen jedin\u00fd a i vlast\u00ed z\u00e1vod musel b\u00fdt p\u0159elo\u017een.<br \/>Nejh\u016f\u0159e po\u010das\u00ed poznamenalo ob\u0159\u00ed slalom sed\u00edc\u00edch mu\u017e\u016f, cel\u00fd den hust\u011b pr\u0161elo, ke konci z\u00e1vodu se je\u0161t\u011b p\u0159idal v\u00edtr a na\u0161i kluci \u010dekali na startu 2. kola v\u00edce jak hodinu, ne\u017e je pustili na tra\u0165.<br \/> Nejl\u00e9pe se dle o\u010dek\u00e1v\u00e1n\u00ed da\u0159ilo Standovi Loskovi v kategorii stoj\u00edc\u00edch. P\u0159ed odletem jsme v\u011b\u0159ili v um\u00edst\u011bn\u00ed do 16. m\u00edsta ve slalomu a v ob\u0159\u00edm slalomu, Standa ale p\u0159edvedl vynikaj\u00edc\u00ed v\u00fdkony ve v\u0161ech p\u011bti discipl\u00edn\u00e1ch, v\u010detn\u011b sjezdu, kter\u00fd vlastn\u011b ani netr\u00e9nuje. Nejlep\u0161\u00ed v\u00fdsledek dos\u00e1hl v superkombinaci, kde byl 12., d\u00e1le pak 13. v ob\u0159\u00edm slalomu a superG, 14. ve slalomu a 18. ve sjezdu.<br \/> Olda Jel\u00ednek na monoski tak\u00e9 tajn\u011b v\u011b\u0159il v n\u011bjak\u00e9 um\u00edst\u011bn\u00ed do \u0161estn\u00e1ctky a to p\u0159edev\u0161\u00edm ve slalomu. To se mu bohu\u017eel nepovedlo, ale 23. m\u00edsto ze slalomu a 24. ze superG si v tak velk\u00e9 konkurenci pochvalu jist\u011b zaslou\u017e\u00ed. Ob\u0159\u00ed slalom poznamenan\u00fd po\u010das\u00edm nedokon\u010dil a nedojel ani superG pro kombinaci, do kter\u00e9 se na posledn\u00ed chv\u00edli kvalifikoval. Olda byl p\u0159ihl\u00e1\u0161en i do sjezdu, ale vzhledem k obt\u00ed\u017enosti trati a jedin\u00e9mu odjet\u00e9mu tr\u00e9ninku se rozhodl soust\u0159edit se na dal\u0161\u00ed discipl\u00edny a na start nenastoupil.<br \/> Radimu Kozlovsk\u00e9mu se tak\u00e9 neda\u0159ilo podle jeho p\u0159edstav. Ve slalomu skon\u010dil 28., nedokon\u010dil de\u0161tiv\u00fd ob\u0159\u00ed slalom a superG dokon\u010dil 28. v hroziv\u011b vypadaj\u00edc\u00ed p\u00e1du, kdy doslova prol\u00e9tl c\u00edlem a skon\u010di zabo\u0159en i s monoski v ochrann\u00e9 bari\u00e9\u0159e c\u00edlov\u00e9ho prostoru, odkud ho po\u0159adatel\u00e9 n\u011bkolik minut vytahovali. Na\u0161t\u011bst\u00ed se v\u0161e obe\u0161lo bez zran\u011bn\u00ed a odnesla to pouze zni\u010den\u00e1 ly\u017ee. <\/p>\n<p> <img decoding=\"async\" src=\"\/wordpress\/image\/k_clankum\/Obrak sedici (5).JPG\"><\/p>\n","protected":false},"excerpt":{"rendered":"<a href=\"https:\/\/www.caths.cz\/wordpress\/zaverecna-zprava-petry-syrovatkove-z-lyzovani\/\"><img loading=\"lazy\" decoding=\"async\" width=\"100\" height=\"100\" src=\"https:\/\/www.caths.cz\/wordpress\/wp-content\/plugins\/thumbnail-for-excerpts\/tfe_no_thumb.png\" class=\"alignleft wp-post-image tfe\" alt=\"\" title=\"\" \/><\/a><p>T\u00fdm ly\u017ea\u0159\u016f \u010cATHS se 22.3. ve\u010der vr\u00e1til z Vancouveru z X. ZPH. T\u0159i na\u0161i sjezda\u0159i z\u00e1vodili v p\u011bti discipl\u00edn\u00e1ch na svahu ve Whistleru, kde si po\u010das\u00ed stejn\u011b jako na Olympi\u00e1d\u011b [&hellip;]<\/p>\n","protected":false},"author":1,"featured_media":0,"comment_status":"closed","ping_status":"closed","sticky":false,"template":"","format":"standard","meta":{"ngg_post_thumbnail":0,"footnotes":""},"categories":[37],"tags":[],"class_list":["post-1372","post","type-post","status-publish","format-standard","hentry","category-zph-vancouver-2010"],"_links":{"self":[{"href":"https:\/\/www.caths.cz\/wordpress\/wp-json\/wp\/v2\/posts\/1372","targetHints":{"allow":["GET"]}}],"collection":[{"href":"https:\/\/www.caths.cz\/wordpress\/wp-json\/wp\/v2\/posts"}],"about":[{"href":"https:\/\/www.caths.cz\/wordpress\/wp-json\/wp\/v2\/types\/post"}],"author":[{"embeddable":true,"href":"https:\/\/www.caths.cz\/wordpress\/wp-json\/wp\/v2\/users\/1"}],"replies":[{"embeddable":true,"href":"https:\/\/www.caths.cz\/wordpress\/wp-json\/wp\/v2\/comments?post=1372"}],"version-history":[{"count":0,"href":"https:\/\/www.caths.cz\/wordpress\/wp-json\/wp\/v2\/posts\/1372\/revisions"}],"wp:attachment":[{"href":"https:\/\/www.caths.cz\/wordpress\/wp-json\/wp\/v2\/media?parent=1372"}],"wp:term":[{"taxonomy":"category","embeddable":true,"href":"https:\/\/www.caths.cz\/wordpress\/wp-json\/wp\/v2\/categories?post=1372"},{"taxonomy":"post_tag","embeddable":true,"href":"https:\/\/www.caths.cz\/wordpress\/wp-json\/wp\/v2\/tags?post=1372"}],"curies":[{"name":"wp","href":"https:\/\/api.w.org\/{rel}","templated":true}]}}