{"id":1371,"date":"2010-03-24T08:43:39","date_gmt":"2010-03-24T07:43:39","guid":{"rendered":"http:\/\/www.caths.cz\/wordpress\/?p=1371"},"modified":"2010-03-24T08:43:39","modified_gmt":"2010-03-24T07:43:39","slug":"sledujte-tiskovou-konferenci-po-navratu-nasich-paralympioniku-z-vancouveru","status":"publish","type":"post","link":"https:\/\/www.caths.cz\/wordpress\/sledujte-tiskovou-konferenci-po-navratu-nasich-paralympioniku-z-vancouveru\/","title":{"rendered":"Sledujte tiskovou konferenci po n\u00e1vratu na\u0161ich paralympionik\u016f z Vancouveru"},"content":{"rendered":"<p align=\"justify\">\nDnes od 12:30 m\u016f\u017eete na programu \u010cT4 sledovat p\u0159\u00edm\u00fd p\u0159enos tiskov\u00e9 konference u p\u0159\u00edle\u017eitosti n\u00e1vratu \u010desk\u00e9 v\u00fdpravy ze zimn\u00edch paralympijsk\u00fdch her Vancouver 2010. <\/p>\n<p>P\u0159enos m\u016f\u017eete tak\u00e9 sledovat on-line  <strong><a href=\"http:\/\/www.ceskatelevize.cz\/ivysilani\/\"><font color=\"#0066CC\"> ZDE<\/font><\/a><\/strong><\/p>\n","protected":false},"excerpt":{"rendered":"<a href=\"https:\/\/www.caths.cz\/wordpress\/sledujte-tiskovou-konferenci-po-navratu-nasich-paralympioniku-z-vancouveru\/\"><img loading=\"lazy\" decoding=\"async\" width=\"100\" height=\"100\" src=\"https:\/\/www.caths.cz\/wordpress\/wp-content\/plugins\/thumbnail-for-excerpts\/tfe_no_thumb.png\" class=\"alignleft wp-post-image tfe\" alt=\"\" title=\"\" \/><\/a><p>Dnes od 12:30 m\u016f\u017eete na programu \u010cT4 sledovat p\u0159\u00edm\u00fd p\u0159enos tiskov\u00e9 konference u p\u0159\u00edle\u017eitosti n\u00e1vratu \u010desk\u00e9 v\u00fdpravy ze zimn\u00edch paralympijsk\u00fdch her Vancouver 2010. P\u0159enos m\u016f\u017eete tak\u00e9 sledovat on-line ZDE<\/p>\n","protected":false},"author":1,"featured_media":0,"comment_status":"closed","ping_status":"closed","sticky":false,"template":"","format":"standard","meta":{"ngg_post_thumbnail":0,"footnotes":""},"categories":[37],"tags":[],"class_list":["post-1371","post","type-post","status-publish","format-standard","hentry","category-zph-vancouver-2010"],"_links":{"self":[{"href":"https:\/\/www.caths.cz\/wordpress\/wp-json\/wp\/v2\/posts\/1371","targetHints":{"allow":["GET"]}}],"collection":[{"href":"https:\/\/www.caths.cz\/wordpress\/wp-json\/wp\/v2\/posts"}],"about":[{"href":"https:\/\/www.caths.cz\/wordpress\/wp-json\/wp\/v2\/types\/post"}],"author":[{"embeddable":true,"href":"https:\/\/www.caths.cz\/wordpress\/wp-json\/wp\/v2\/users\/1"}],"replies":[{"embeddable":true,"href":"https:\/\/www.caths.cz\/wordpress\/wp-json\/wp\/v2\/comments?post=1371"}],"version-history":[{"count":0,"href":"https:\/\/www.caths.cz\/wordpress\/wp-json\/wp\/v2\/posts\/1371\/revisions"}],"wp:attachment":[{"href":"https:\/\/www.caths.cz\/wordpress\/wp-json\/wp\/v2\/media?parent=1371"}],"wp:term":[{"taxonomy":"category","embeddable":true,"href":"https:\/\/www.caths.cz\/wordpress\/wp-json\/wp\/v2\/categories?post=1371"},{"taxonomy":"post_tag","embeddable":true,"href":"https:\/\/www.caths.cz\/wordpress\/wp-json\/wp\/v2\/tags?post=1371"}],"curies":[{"name":"wp","href":"https:\/\/api.w.org\/{rel}","templated":true}]}}