{"id":1368,"date":"2010-03-23T17:10:20","date_gmt":"2010-03-23T16:10:20","guid":{"rendered":"http:\/\/www.caths.cz\/wordpress\/?p=1368"},"modified":"2010-03-23T17:10:20","modified_gmt":"2010-03-23T16:10:20","slug":"paralympiada-ve-vancouveru-skoncila-postrehy-komentare-fotoreportaze-nikoli","status":"publish","type":"post","link":"https:\/\/www.caths.cz\/wordpress\/paralympiada-ve-vancouveru-skoncila-postrehy-komentare-fotoreportaze-nikoli\/","title":{"rendered":"Paralympi\u00e1da ve Vancouveru skon\u010dila &#8211; post\u0159ehy, koment\u00e1\u0159e, fotoreport\u00e1\u017ee nikoli"},"content":{"rendered":"<p align=\"justify\">N\u00e1zory se r\u016fzn\u00ed, \u0159ada odborn\u00edk\u016f o\u010dek\u00e1vala v\u011bt\u0161\u00ed \u00fasp\u011b\u0161nost a naopak mnoz\u00ed pova\u017euj\u00ed vystoupen\u00ed na\u0161ich reprezentant\u016f za velmi zda\u0159il\u00e9. Jist\u011b bude zaj\u00edmav\u00e9 si poslechnout, co si mysl\u00ed o sv\u00e9m p\u016fsoben\u00ed ve Vancouveru samotn\u00ed sportovci, tren\u00e9\u0159i a veden\u00ed na\u0161\u00ed v\u00fdpravy. Jejich odpov\u011bdi na tyto a dal\u0161\u00ed ot\u00e1zky v\u00e1m samoz\u0159ejm\u011b p\u0159ineseme v brzk\u00e9 dob\u011b. <\/p>\n<p> Velmi n\u00e1s t\u011b\u0161\u00ed p\u0159\u00edzniv\u00e9 ohlasy na report\u00e1\u017ee, informa\u010dn\u00ed servis a zaj\u00edmavosti, kter\u00e9 jsme v\u00e1m po celou dobu zimn\u00ed paralympi\u00e1dy pravideln\u011b p\u0159in\u00e1\u0161eli. Va\u0161e uzn\u00e1n\u00ed je odm\u011bnou pr\u00e1ce cel\u00e9ho redak\u010dn\u00edho t\u00fdmu a my si pozitivn\u00edho hodnocen\u00ed velice cen\u00edme. <\/p>\n","protected":false},"excerpt":{"rendered":"<a href=\"https:\/\/www.caths.cz\/wordpress\/paralympiada-ve-vancouveru-skoncila-postrehy-komentare-fotoreportaze-nikoli\/\"><img loading=\"lazy\" decoding=\"async\" width=\"100\" height=\"100\" src=\"https:\/\/www.caths.cz\/wordpress\/wp-content\/plugins\/thumbnail-for-excerpts\/tfe_no_thumb.png\" class=\"alignleft wp-post-image tfe\" alt=\"\" title=\"\" \/><\/a><p>N\u00e1zory se r\u016fzn\u00ed, \u0159ada odborn\u00edk\u016f o\u010dek\u00e1vala v\u011bt\u0161\u00ed \u00fasp\u011b\u0161nost a naopak mnoz\u00ed pova\u017euj\u00ed vystoupen\u00ed na\u0161ich reprezentant\u016f za velmi zda\u0159il\u00e9. Jist\u011b bude zaj\u00edmav\u00e9 si poslechnout, co si mysl\u00ed o sv\u00e9m p\u016fsoben\u00ed ve [&hellip;]<\/p>\n","protected":false},"author":1,"featured_media":0,"comment_status":"closed","ping_status":"closed","sticky":false,"template":"","format":"standard","meta":{"ngg_post_thumbnail":0,"footnotes":""},"categories":[37],"tags":[],"class_list":["post-1368","post","type-post","status-publish","format-standard","hentry","category-zph-vancouver-2010"],"_links":{"self":[{"href":"https:\/\/www.caths.cz\/wordpress\/wp-json\/wp\/v2\/posts\/1368","targetHints":{"allow":["GET"]}}],"collection":[{"href":"https:\/\/www.caths.cz\/wordpress\/wp-json\/wp\/v2\/posts"}],"about":[{"href":"https:\/\/www.caths.cz\/wordpress\/wp-json\/wp\/v2\/types\/post"}],"author":[{"embeddable":true,"href":"https:\/\/www.caths.cz\/wordpress\/wp-json\/wp\/v2\/users\/1"}],"replies":[{"embeddable":true,"href":"https:\/\/www.caths.cz\/wordpress\/wp-json\/wp\/v2\/comments?post=1368"}],"version-history":[{"count":0,"href":"https:\/\/www.caths.cz\/wordpress\/wp-json\/wp\/v2\/posts\/1368\/revisions"}],"wp:attachment":[{"href":"https:\/\/www.caths.cz\/wordpress\/wp-json\/wp\/v2\/media?parent=1368"}],"wp:term":[{"taxonomy":"category","embeddable":true,"href":"https:\/\/www.caths.cz\/wordpress\/wp-json\/wp\/v2\/categories?post=1368"},{"taxonomy":"post_tag","embeddable":true,"href":"https:\/\/www.caths.cz\/wordpress\/wp-json\/wp\/v2\/tags?post=1368"}],"curies":[{"name":"wp","href":"https:\/\/api.w.org\/{rel}","templated":true}]}}