{"id":1367,"date":"2010-03-23T08:42:38","date_gmt":"2010-03-23T07:42:38","guid":{"rendered":"http:\/\/www.caths.cz\/wordpress\/?p=1367"},"modified":"2010-03-23T08:42:38","modified_gmt":"2010-03-23T07:42:38","slug":"pohled-pametnika-na-skoncene-zph-vancouver-2010","status":"publish","type":"post","link":"https:\/\/www.caths.cz\/wordpress\/pohled-pametnika-na-skoncene-zph-vancouver-2010\/","title":{"rendered":"Pohled pam\u011btn\u00edka na skon\u010den\u00e9 ZPH Vancouver 2010"},"content":{"rendered":"<p align=\"justify\">\nSamoz\u0159ejm\u011b mi v\u016fbec nep\u0159\u00edslu\u0161\u00ed, abych hodnotil \u00fa\u010dinkov\u00e1n\u00ed na\u0161\u00ed mal\u00e9 \u010desk\u00e9 v\u00fdpravy na ZPH ve Vancouveru 2010, proto\u017ee od toho tu jsou jin\u00ed. Chci jen p\u0159ipomenout drobnou paralelu s v\u00fdsledky sjezda\u0159\u016f na ZPH 1994, kter\u00e9 se konaly v Lillehammeru, kdy jsem na\u0161i v\u00fdpravu do Norska vedl.\n<\/p>\n<p align=\"justify\"> Tak\u00e9 do Lillehammeru odl\u00e9tali na\u0161i reprezentanti v r. 1994 s ur\u010dit\u00fdmi medailov\u00fdmi ambicemi, kter\u00e9 m\u011bly potvrdit jejich tr\u00e9ninkov\u00e9 \u00fasil\u00ed, provozovan\u00e9 tehdy v\u00edcem\u00e9n\u011b v amat\u00e9rsk\u00fdch podm\u00ednk\u00e1ch. <br \/>Stali se tak, s dal\u0161\u00edmi 30 st\u00e1ty, \u00fa\u010dastn\u00edky t\u011bchto ZPH, kter\u00e9 tehdy m\u011bly \u00fa\u010dast 431 sportovc\u016f z 31 st\u00e1t\u016f. <br \/>Bohu\u017eel na\u0161e nejv\u011bt\u0161\u00ed \u201e\u017eel\u00edzko v ohni\u201c k z\u00edsk\u00e1n\u00ed medailov\u00fdch \u00fasp\u011bch\u016f p\u0159es v\u0161echny diplomatick\u00e9 kroky na\u0161\u00ed v\u00fdpravy nedostalo bohu\u017eel \u0161anci, proto\u017ee Kate\u0159ina Tepl\u00e1 (B3) nebyla v\u016fbec p\u0159ipu\u0161t\u011bna na start. D\u016fvod byl tehdy takov\u00fd, \u017ee se je\u0161t\u011b startovalo v jednotliv\u00fdch skupin\u00e1ch posti\u017een\u00ed a pokud bylo m\u00e1lo \u00fa\u010dastn\u00edk\u016f, pak tato skupina byla zru\u0161ena a to se v Norsku bohu\u017eel stalo. A\u017e na sezen\u00ed z\u00e1stupc\u016f v\u00fdprav v Lillehammeru do\u0161lo k odsouhlasen\u00ed zm\u011bny a teprve tak od dal\u0161\u00edch ZPH v Naganu 1998 do\u0161lo v takov\u00e9m p\u0159\u00edpad\u011b ke slu\u010dov\u00e1n\u00ed p\u0159\u00edbuzn\u00fdch skupin posti\u017een\u00ed p\u0159i men\u0161\u00edm po\u010dtu \u00fa\u010dastn\u00edk\u016f \u2013 u zrakov\u011b posti\u017een\u00fdch nap\u0159. B2 s B3, u amput\u00e1\u0159\u016f LW 1 s LW3, atd., tak aby n\u011bkolikalet\u00e9 tr\u00e9ninkov\u00e9 \u00fasil\u00ed hendikepovan\u00fdch sportovc\u016f nep\u0159i\u0161lo vnive\u010d. <br \/>Tento po\u010det samoz\u0159ejm\u011b nebylo probl\u00e9mem u \u201eruka\u0159\u016f\u201c LW 6\/8 nebo \u201ejednono\u017ec\u016f\u201c LW2, kter\u00fdch bylo vlastn\u011b ze v\u0161ech t\u011blesn\u011b posti\u017een\u00fdch &#8211; amput\u00e1\u0159\u016f tehdy nejv\u00edce. To, \u017ee se nyn\u00ed startuje jen ve t\u0159ech kategori\u00edch nevidom\u00ed &#8211; stoj\u00edc\u00ed \u2013 sed\u00edc\u00ed s p\u0159epo\u010dtem koeficienty, je ji\u017e jin\u00e1 kapitola.<\/p>\n<p> Standa Loska jako nov\u00e1\u010dek \u010desk\u00e9ho t\u00fdmu m\u011bl za sebou \u00fasp\u011b\u0161nou historickou ml\u00e1de\u017enickou kari\u00e9ru, ale ne\u0161\u0165astn\u00fd p\u00e1d pod vlak b\u011bhem vysoko\u0161kolsk\u00fdch studi\u00ed jeho \u017eivot dosti zm\u011bnil. \u0158adu let o n\u011bm nikdo nev\u011bd\u011bl, ne\u017e byl vyp\u00e1tr\u00e1n, ale n\u00e1sledn\u011b se tak za\u010dlenil do ly\u017ea\u0159sk\u00e9 reprezentace, tak \u017ee se stal jej\u00ed oporou od sv\u00e9 prvn\u00ed i p\u0159i t\u00e9to \u00fa\u010dasti ji\u017e na p\u00e1t\u00e9 paralympi\u00e1d\u011b.<br \/><img decoding=\"async\" src=\"\/wordpress\/image\/k_clankum\/los_gron.jpg\" ALIGN=\"right\" HSPACE=5 VSPACE=5> Tak\u00e9 tenkr\u00e1t Standa startoval ve v\u0161ech vypsan\u00fdch sjezdov\u00fdch disciplin\u00e1ch, ale a\u017e posledn\u00ed den v posledn\u00ed sout\u011b\u017ei sjezda\u0159\u016f se to poda\u0159ilo! Byly to hrozn\u00e9 nervy pro v\u0161echny, proto\u017ee po prvn\u00edm kole slalomu byl Standa p\u00e1t\u00fd! V druh\u00e9m kole dal ale do sv\u00e9 j\u00edzdy v\u0161echen sv\u016fj um i odvahu a p\u0159i sledov\u00e1n\u00ed historick\u00e9ho videoz\u00e1znamu mi je\u0161t\u011b dnes b\u011bh\u00e1 mr\u00e1z po z\u00e1dech. Vybojoval toti\u017e tak posledn\u00ed den sout\u011b\u017e\u00ed jedinou medaili pro na\u0161i republiku v Lillehammeru 1994 \u2013 n\u00e1dhern\u00fd BRONZ.<br \/> A je\u0161t\u011b pozn\u00e1mka na z\u00e1v\u011br tohoto \u0161\u0165astn\u00e9ho p\u0159\u00edb\u011bhu:<br \/> To, \u017ee vyhl\u00e1\u0161en\u00ed slalomu ZPH 1994 prob\u011bhlo hned v c\u00edlov\u00e9m prostoru na svahu n\u011bkolik set metr\u016f nad servisn\u00edm z\u00e1zem\u00edm t\u00fdm\u016f m\u011blo za n\u00e1sledek, \u017ee si Standa cel\u00fd \u0161\u0165astn\u00fd nechal medaili na krku, ale po p\u0159ijet\u00ed do servisn\u00edch bun\u011bk pod kopcem zjistil, \u017ee na krku m\u00e1 jen stuhu se z\u00e1v\u011bsem a medaile z\u016fstala n\u011bkde na svahu pod sn\u011bhem\u2026&#8230; <br \/> O medaili ale nep\u0159i\u0161el \u2013 po\u0159adatel\u00e9 \u201epo reklamaci\u201c p\u0159edali i s d\u0159ev\u011bnou krabi\u010dkou medaili dal\u0161\u00ed, kterou Standa dosud m\u00e1. Ale ten p\u016fvodn\u00ed z\u00e1v\u011bs se stuhou a krabi\u010dkou m\u00e1m ve sv\u00e9m archivu na pam\u00e1tku zase j\u00e1, \u2026.<\/p>\n<p> S pohledem up\u0159en\u00fdm do medailov\u00e9 budoucnosti na Lond\u00fdn 2012 i So\u010di 2014 <br \/> Roman Gronsk\u00fd, paralympijsk\u00fd medailista z Arnhemu 1980, pam\u011btn\u00edk a leto\u0161n\u00ed \u0161edes\u00e1tn\u00edk <\/p>\n","protected":false},"excerpt":{"rendered":"<a href=\"https:\/\/www.caths.cz\/wordpress\/pohled-pametnika-na-skoncene-zph-vancouver-2010\/\"><img loading=\"lazy\" decoding=\"async\" width=\"100\" height=\"100\" src=\"https:\/\/www.caths.cz\/wordpress\/wp-content\/plugins\/thumbnail-for-excerpts\/tfe_no_thumb.png\" class=\"alignleft wp-post-image tfe\" alt=\"\" title=\"\" \/><\/a><p>Samoz\u0159ejm\u011b mi v\u016fbec nep\u0159\u00edslu\u0161\u00ed, abych hodnotil \u00fa\u010dinkov\u00e1n\u00ed na\u0161\u00ed mal\u00e9 \u010desk\u00e9 v\u00fdpravy na ZPH ve Vancouveru 2010, proto\u017ee od toho tu jsou jin\u00ed. Chci jen p\u0159ipomenout drobnou paralelu s v\u00fdsledky sjezda\u0159\u016f [&hellip;]<\/p>\n","protected":false},"author":1,"featured_media":0,"comment_status":"closed","ping_status":"closed","sticky":false,"template":"","format":"standard","meta":{"ngg_post_thumbnail":0,"footnotes":""},"categories":[37],"tags":[],"class_list":["post-1367","post","type-post","status-publish","format-standard","hentry","category-zph-vancouver-2010"],"_links":{"self":[{"href":"https:\/\/www.caths.cz\/wordpress\/wp-json\/wp\/v2\/posts\/1367","targetHints":{"allow":["GET"]}}],"collection":[{"href":"https:\/\/www.caths.cz\/wordpress\/wp-json\/wp\/v2\/posts"}],"about":[{"href":"https:\/\/www.caths.cz\/wordpress\/wp-json\/wp\/v2\/types\/post"}],"author":[{"embeddable":true,"href":"https:\/\/www.caths.cz\/wordpress\/wp-json\/wp\/v2\/users\/1"}],"replies":[{"embeddable":true,"href":"https:\/\/www.caths.cz\/wordpress\/wp-json\/wp\/v2\/comments?post=1367"}],"version-history":[{"count":0,"href":"https:\/\/www.caths.cz\/wordpress\/wp-json\/wp\/v2\/posts\/1367\/revisions"}],"wp:attachment":[{"href":"https:\/\/www.caths.cz\/wordpress\/wp-json\/wp\/v2\/media?parent=1367"}],"wp:term":[{"taxonomy":"category","embeddable":true,"href":"https:\/\/www.caths.cz\/wordpress\/wp-json\/wp\/v2\/categories?post=1367"},{"taxonomy":"post_tag","embeddable":true,"href":"https:\/\/www.caths.cz\/wordpress\/wp-json\/wp\/v2\/tags?post=1367"}],"curies":[{"name":"wp","href":"https:\/\/api.w.org\/{rel}","templated":true}]}}