{"id":1366,"date":"2010-03-22T18:36:50","date_gmt":"2010-03-22T17:36:50","guid":{"rendered":"http:\/\/www.caths.cz\/wordpress\/?p=1366"},"modified":"2010-03-22T18:36:50","modified_gmt":"2010-03-22T17:36:50","slug":"zaverecny-ceremonial-ukoncil-xzimni-paralympijske-hry-vancouver-2010","status":"publish","type":"post","link":"https:\/\/www.caths.cz\/wordpress\/zaverecny-ceremonial-ukoncil-xzimni-paralympijske-hry-vancouver-2010\/","title":{"rendered":"Z\u00e1v\u011bre\u010dn\u00fd ceremoni\u00e1l ukon\u010dil X.zimn\u00ed paralympijsk\u00e9 hry Vancouver 2010"},"content":{"rendered":"<p align=\"justify\">\nVelmi srde\u010dn\u00fd a velkolep\u00fd z\u00e1v\u011bre\u010dn\u00fd ceremoni\u00e1l v\u010dera ve\u010der ofici\u00e1ln\u011b ukon\u010dil zimn\u00ed paralympijsk\u00e9 hry Vancouver 2010. Konal se na m\u00edst\u011b medailov\u00fdch ceremoni\u00e1l\u016f ve Whistleru, kam tis\u00edce lid\u00ed p\u0159i\u0161ly sledovat show, kter\u00e1 byla oslavou pro sportovce, po\u0159adatele, dobrovoln\u00edky , zkr\u00e1tka v\u0161echny, kte\u0159\u00ed se jakkoli pod\u00edleli na zimn\u00edch paralympijsk\u00fdch hr\u00e1ch.<\/p>\n<p align=\"justify\"> Ve sv\u00e9m z\u00e1v\u011bre\u010dn\u00e9m projevu, p\u0159edseda Mezin\u00e1rodn\u00edho paralympijsk\u00e9ho v\u00fdboru (IPC) Prezident Sir Philip Craven \u0159ekl, \u017ee zimn\u00ed paralympijsk\u00e9 hry Vancouver 2010 byly nejen uk\u00e1zkou tvrd\u00e9 d\u0159iny a v\u00fdkv\u011btu sportu, ale z\u00e1roven smyslu pro soun\u00e1le\u017eitost a pospolitost. <\/p>\n<p> &#8222;Pojem sport &#8211; \u010dist\u00fd sport, bylo srozumiteln\u00e9 n\u00e1m v\u0161em,&#8220; \u0159ekl sir Philip. &#8222;Paralympij\u0161t\u00ed sportovci p\u0159ijeli sout\u011b\u017eit \u010destn\u011b, a v\u00fdsledkem bylal fantastick\u00e1 p\u0159ehl\u00eddka sportu. Spole\u010dn\u011b jsme zachytili paralympijsk\u00e9ho ducha z t\u011bchto her, a m\u016f\u017eeme jej \u0161\u00ed\u0159it d\u00e1l po cel\u00e9m sv\u011bt\u011b.&#8220; <\/p>\n<p> Po projevu p\u0159edsedy IPC byla ofici\u00e1ln\u011b p\u0159ed\u00e1na cena Whang Youn Dai Achievement Award Endo Takayuki z Japonska a Collette Bourgonje z Kanady. Cena je ud\u011blov\u00e1na v\u00fdznamn\u00fdm sportovc\u016fm s posti\u017een\u00edm, kte\u0159\u00ed prok\u00e1zali v\u00fdjime\u010dnou \u00farove\u0148 odhodl\u00e1n\u00ed p\u0159ekonat protivenstv\u00ed osudu prost\u0159ednictv\u00edm sportu a paralympijsk\u00fdch her. <\/p>\n<p> P\u0159i slavnostn\u00edm zakon\u010den\u00ed byli rovn\u011b\u017e p\u0159edstaveni v\u00edt\u011bzov\u00e9 voleb do Rady sportovc\u016f IPC \u2013 biatlonistka a b\u011b\u017ekyn\u011b na ly\u017e\u00edch Katarzyna Rogowiecov\u00e1 z Polska (275 hlas\u016f), sledge hokejista Todd Nicholson z Kanady (203 hlas\u016f) a Eskil Hagen z Norska tak\u00e9 sledge hokejista (193 hlas\u016f). <\/p>\n<p> Tak\u017ee See you na zimn\u00edch paralympijsk\u00fdch hr\u00e1ch So\u010di 2014 :-)) <\/p>\n","protected":false},"excerpt":{"rendered":"<a href=\"https:\/\/www.caths.cz\/wordpress\/zaverecny-ceremonial-ukoncil-xzimni-paralympijske-hry-vancouver-2010\/\"><img loading=\"lazy\" decoding=\"async\" width=\"100\" height=\"100\" src=\"https:\/\/www.caths.cz\/wordpress\/wp-content\/plugins\/thumbnail-for-excerpts\/tfe_no_thumb.png\" class=\"alignleft wp-post-image tfe\" alt=\"\" title=\"\" \/><\/a><p>Velmi srde\u010dn\u00fd a velkolep\u00fd z\u00e1v\u011bre\u010dn\u00fd ceremoni\u00e1l v\u010dera ve\u010der ofici\u00e1ln\u011b ukon\u010dil zimn\u00ed paralympijsk\u00e9 hry Vancouver 2010. Konal se na m\u00edst\u011b medailov\u00fdch ceremoni\u00e1l\u016f ve Whistleru, kam tis\u00edce lid\u00ed p\u0159i\u0161ly sledovat show, kter\u00e1 [&hellip;]<\/p>\n","protected":false},"author":1,"featured_media":0,"comment_status":"closed","ping_status":"closed","sticky":false,"template":"","format":"standard","meta":{"ngg_post_thumbnail":0,"footnotes":""},"categories":[37],"tags":[],"class_list":["post-1366","post","type-post","status-publish","format-standard","hentry","category-zph-vancouver-2010"],"_links":{"self":[{"href":"https:\/\/www.caths.cz\/wordpress\/wp-json\/wp\/v2\/posts\/1366","targetHints":{"allow":["GET"]}}],"collection":[{"href":"https:\/\/www.caths.cz\/wordpress\/wp-json\/wp\/v2\/posts"}],"about":[{"href":"https:\/\/www.caths.cz\/wordpress\/wp-json\/wp\/v2\/types\/post"}],"author":[{"embeddable":true,"href":"https:\/\/www.caths.cz\/wordpress\/wp-json\/wp\/v2\/users\/1"}],"replies":[{"embeddable":true,"href":"https:\/\/www.caths.cz\/wordpress\/wp-json\/wp\/v2\/comments?post=1366"}],"version-history":[{"count":0,"href":"https:\/\/www.caths.cz\/wordpress\/wp-json\/wp\/v2\/posts\/1366\/revisions"}],"wp:attachment":[{"href":"https:\/\/www.caths.cz\/wordpress\/wp-json\/wp\/v2\/media?parent=1366"}],"wp:term":[{"taxonomy":"category","embeddable":true,"href":"https:\/\/www.caths.cz\/wordpress\/wp-json\/wp\/v2\/categories?post=1366"},{"taxonomy":"post_tag","embeddable":true,"href":"https:\/\/www.caths.cz\/wordpress\/wp-json\/wp\/v2\/tags?post=1366"}],"curies":[{"name":"wp","href":"https:\/\/api.w.org\/{rel}","templated":true}]}}