{"id":1315,"date":"2010-03-04T16:23:57","date_gmt":"2010-03-04T15:23:57","guid":{"rendered":"http:\/\/www.caths.cz\/wordpress\/?p=1315"},"modified":"2010-03-04T16:23:57","modified_gmt":"2010-03-04T15:23:57","slug":"zavody-horskych-kol-povltavske-extraligy-2010-i-pro-handicapovane-cyklisty","status":"publish","type":"post","link":"https:\/\/www.caths.cz\/wordpress\/zavody-horskych-kol-povltavske-extraligy-2010-i-pro-handicapovane-cyklisty\/","title":{"rendered":"Z\u00e1vody horsk\u00fdch kol Povltavsk\u00e9 Extraligy 2010 i pro handicapovan\u00e9 cyklisty!"},"content":{"rendered":"<p align=\"justify\">\nV\u00e1\u017een\u00ed sportovn\u00ed p\u0159\u00e1tel\u00e9,<br \/>\n<br \/>\nbli\u017e\u0161\u00ed informace o bikov\u00fdch z\u00e1vodech PBR \u2013 Povltavsk\u00e9 Extraligy 2010 jsou na webov\u00fdch str\u00e1nk\u00e1ch <strong><a href=\"http:\/\/www.da-ba.com\/\"><font color=\"#0066CC\">www.da-ba.com<\/font><\/a><\/strong>, v sekci Kam na start \u2013 Horsk\u00e1 kola 2010.<br \/>\n<br \/>\nPetr Barto\u0161, Povltavsk\u00fd sportovn\u00ed klub DA-BA<\/p>\n<p>  <img decoding=\"async\" src=\"\/wordpress\/image\/k_clankum\/chody09_cerveny\/_C8D2305.JPG\"><br \/>Foto: Michal \u010cerven\u00fd<\/p>\n<p> <img decoding=\"async\" src=\"\/wordpress\/image\/k_clankum\/koci_bike.jpg\"><\/p>\n","protected":false},"excerpt":{"rendered":"<a href=\"https:\/\/www.caths.cz\/wordpress\/zavody-horskych-kol-povltavske-extraligy-2010-i-pro-handicapovane-cyklisty\/\"><img loading=\"lazy\" decoding=\"async\" width=\"100\" height=\"100\" src=\"https:\/\/www.caths.cz\/wordpress\/wp-content\/plugins\/thumbnail-for-excerpts\/tfe_no_thumb.png\" class=\"alignleft wp-post-image tfe\" alt=\"\" title=\"\" \/><\/a><p>V\u00e1\u017een\u00ed sportovn\u00ed p\u0159\u00e1tel\u00e9, bli\u017e\u0161\u00ed informace o bikov\u00fdch z\u00e1vodech PBR \u2013 Povltavsk\u00e9 Extraligy 2010 jsou na webov\u00fdch str\u00e1nk\u00e1ch www.da-ba.com, v sekci Kam na start \u2013 Horsk\u00e1 kola 2010. Petr Barto\u0161, Povltavsk\u00fd [&hellip;]<\/p>\n","protected":false},"author":1,"featured_media":0,"comment_status":"closed","ping_status":"closed","sticky":false,"template":"","format":"standard","meta":{"ngg_post_thumbnail":0,"footnotes":""},"categories":[40],"tags":[],"class_list":["post-1315","post","type-post","status-publish","format-standard","hentry","category-pojed-s-nami"],"_links":{"self":[{"href":"https:\/\/www.caths.cz\/wordpress\/wp-json\/wp\/v2\/posts\/1315","targetHints":{"allow":["GET"]}}],"collection":[{"href":"https:\/\/www.caths.cz\/wordpress\/wp-json\/wp\/v2\/posts"}],"about":[{"href":"https:\/\/www.caths.cz\/wordpress\/wp-json\/wp\/v2\/types\/post"}],"author":[{"embeddable":true,"href":"https:\/\/www.caths.cz\/wordpress\/wp-json\/wp\/v2\/users\/1"}],"replies":[{"embeddable":true,"href":"https:\/\/www.caths.cz\/wordpress\/wp-json\/wp\/v2\/comments?post=1315"}],"version-history":[{"count":0,"href":"https:\/\/www.caths.cz\/wordpress\/wp-json\/wp\/v2\/posts\/1315\/revisions"}],"wp:attachment":[{"href":"https:\/\/www.caths.cz\/wordpress\/wp-json\/wp\/v2\/media?parent=1315"}],"wp:term":[{"taxonomy":"category","embeddable":true,"href":"https:\/\/www.caths.cz\/wordpress\/wp-json\/wp\/v2\/categories?post=1315"},{"taxonomy":"post_tag","embeddable":true,"href":"https:\/\/www.caths.cz\/wordpress\/wp-json\/wp\/v2\/tags?post=1315"}],"curies":[{"name":"wp","href":"https:\/\/api.w.org\/{rel}","templated":true}]}}