{"id":1300,"date":"2010-02-23T21:03:40","date_gmt":"2010-02-23T20:03:40","guid":{"rendered":"http:\/\/www.caths.cz\/wordpress\/?p=1300"},"modified":"2010-02-23T21:03:40","modified_gmt":"2010-02-23T20:03:40","slug":"do-vancouveru-odcestovalo-letadlo-s-materialem-nasi-paralympijske-vypravy","status":"publish","type":"post","link":"https:\/\/www.caths.cz\/wordpress\/do-vancouveru-odcestovalo-letadlo-s-materialem-nasi-paralympijske-vypravy\/","title":{"rendered":"Do Vancouveru odcestovalo letadlo s materi\u00e1lem na\u0161\u00ed paralympijsk\u00e9 v\u00fdpravy"},"content":{"rendered":"<p align=\"justify\">\nProhl\u00e9dn\u011bte si rozmazan\u00e9, ale s l\u00e1skou nafocen\u00e9 fotky nakl\u00e1d\u00e1n\u00ed materi\u00e1lu na\u0161\u00ed paralympijsk\u00e9 v\u00fdpravy \ud83d\ude42 <\/p>\n<p><img decoding=\"async\" src=\"\/wordpress\/image\/k_clankum\/zprava_10421\/4.JPG\"> <img decoding=\"async\" src=\"\/wordpress\/image\/k_clankum\/zprava_10421\/1.JPG\"><\/p>\n<p> <img decoding=\"async\" src=\"\/wordpress\/image\/k_clankum\/zprava_10421\/Obraz027.JPG\"> <img decoding=\"async\" src=\"\/wordpress\/image\/k_clankum\/zprava_10421\/Obraz029.JPG\"><\/p>\n<p> <img decoding=\"async\" src=\"\/wordpress\/image\/k_clankum\/zprava_10421\/Obraz030.JPG\"> <img decoding=\"async\" src=\"\/wordpress\/image\/k_clankum\/zprava_10421\/Obraz031.JPG\"><\/p>\n<p> <img decoding=\"async\" src=\"\/wordpress\/image\/k_clankum\/zprava_10421\/3.JPG\"> <img decoding=\"async\" src=\"\/wordpress\/image\/k_clankum\/zprava_10421\/Obraz038.JPG\"><\/p>\n<p> <img decoding=\"async\" src=\"\/wordpress\/image\/k_clankum\/zprava_10421\/2.JPG\"> <img decoding=\"async\" src=\"\/wordpress\/image\/k_clankum\/zprava_10421\/Obraz033.JPG\"><\/p>\n<p> <img decoding=\"async\" src=\"\/wordpress\/image\/k_clankum\/zprava_10421\/Obraz034.JPG\"> <img decoding=\"async\" src=\"\/wordpress\/image\/k_clankum\/zprava_10421\/Obraz035.JPG\"><\/p>\n","protected":false},"excerpt":{"rendered":"<a href=\"https:\/\/www.caths.cz\/wordpress\/do-vancouveru-odcestovalo-letadlo-s-materialem-nasi-paralympijske-vypravy\/\"><img loading=\"lazy\" decoding=\"async\" width=\"100\" height=\"100\" src=\"https:\/\/www.caths.cz\/wordpress\/wp-content\/plugins\/thumbnail-for-excerpts\/tfe_no_thumb.png\" class=\"alignleft wp-post-image tfe\" alt=\"\" title=\"\" \/><\/a><p>Prohl\u00e9dn\u011bte si rozmazan\u00e9, ale s l\u00e1skou nafocen\u00e9 fotky nakl\u00e1d\u00e1n\u00ed materi\u00e1lu na\u0161\u00ed paralympijsk\u00e9 v\u00fdpravy \ud83d\ude42<\/p>\n","protected":false},"author":1,"featured_media":0,"comment_status":"closed","ping_status":"closed","sticky":false,"template":"","format":"standard","meta":{"ngg_post_thumbnail":0,"footnotes":""},"categories":[37],"tags":[],"class_list":["post-1300","post","type-post","status-publish","format-standard","hentry","category-zph-vancouver-2010"],"_links":{"self":[{"href":"https:\/\/www.caths.cz\/wordpress\/wp-json\/wp\/v2\/posts\/1300","targetHints":{"allow":["GET"]}}],"collection":[{"href":"https:\/\/www.caths.cz\/wordpress\/wp-json\/wp\/v2\/posts"}],"about":[{"href":"https:\/\/www.caths.cz\/wordpress\/wp-json\/wp\/v2\/types\/post"}],"author":[{"embeddable":true,"href":"https:\/\/www.caths.cz\/wordpress\/wp-json\/wp\/v2\/users\/1"}],"replies":[{"embeddable":true,"href":"https:\/\/www.caths.cz\/wordpress\/wp-json\/wp\/v2\/comments?post=1300"}],"version-history":[{"count":0,"href":"https:\/\/www.caths.cz\/wordpress\/wp-json\/wp\/v2\/posts\/1300\/revisions"}],"wp:attachment":[{"href":"https:\/\/www.caths.cz\/wordpress\/wp-json\/wp\/v2\/media?parent=1300"}],"wp:term":[{"taxonomy":"category","embeddable":true,"href":"https:\/\/www.caths.cz\/wordpress\/wp-json\/wp\/v2\/categories?post=1300"},{"taxonomy":"post_tag","embeddable":true,"href":"https:\/\/www.caths.cz\/wordpress\/wp-json\/wp\/v2\/tags?post=1300"}],"curies":[{"name":"wp","href":"https:\/\/api.w.org\/{rel}","templated":true}]}}