{"id":1299,"date":"2010-02-23T20:26:07","date_gmt":"2010-02-23T19:26:07","guid":{"rendered":"http:\/\/www.caths.cz\/wordpress\/?p=1299"},"modified":"2010-02-23T20:26:07","modified_gmt":"2010-02-23T19:26:07","slug":"posledni-proverka-lyzaru-pred-vancouverem","status":"publish","type":"post","link":"https:\/\/www.caths.cz\/wordpress\/posledni-proverka-lyzaru-pred-vancouverem\/","title":{"rendered":"Posledn\u00ed prov\u011brka ly\u017ea\u0159\u016f p\u0159ed Vancouverem"},"content":{"rendered":"<p align=\"justify\">\nMinul\u00fd v\u00edkend se z\u00fa\u010dastnilo na\u0161e trio alpsk\u00fdch ly\u017ea\u0159\u016f ve slo\u017een\u00ed Standa Loska, Radim Kozlovsk\u00fd a Olda Jel\u00ednek fin\u00e1le EP v italsk\u00e9m Zoncolanu. P\u0159edveden\u00fdmi v\u00fdkony kluci v konkurenci rozhodn\u011b nezapadli. Nejl\u00e9pe si vedl Standa Loska, kter\u00fd skon\u010dil v po\u010detn\u00e9m poli stoj\u00edc\u00edch ly\u017ea\u0159\u016f ve slalomu \u010dtvrt\u00fd a v kombinaci p\u00e1t\u00fd.\n<\/p>\n<p align=\"justify\"> Oldu Jel\u00ednka je\u0161t\u011b \u010dek\u00e1 SP v Aspenu p\u0159\u00ed\u0161t\u00ed t\u00fdden, Radim se Standou budou doladovat formu v \u010cech\u00e1ch. A pak HUR\u00c1 do Vancouveru! V\u00fdsledky z fin\u00e1le EP Zoncolan <a href=\"http:\/\/www.ipc-alpineskiing.org\/Results\/Continental_Cups\/European_Cups\/ \"><font color=\"#0066CC\">zde<\/font><\/a> <\/p>\n<p> Kompletn\u00ed fotogalerie ze z\u00e1vod\u016f <a href=\"http:\/\/www.caths.cz\/index.php?page=galerie&#038;level=album&#038;id=76\"><font color=\"#0066CC\">ZDE <\/font><\/a><\/p>\n<p> <img decoding=\"async\" src=\"\/wordpress\/image\/k_clankum\/zoncolan_2010.jpg\"><\/p>\n","protected":false},"excerpt":{"rendered":"<a href=\"https:\/\/www.caths.cz\/wordpress\/posledni-proverka-lyzaru-pred-vancouverem\/\"><img loading=\"lazy\" decoding=\"async\" width=\"100\" height=\"100\" src=\"https:\/\/www.caths.cz\/wordpress\/wp-content\/plugins\/thumbnail-for-excerpts\/tfe_no_thumb.png\" class=\"alignleft wp-post-image tfe\" alt=\"\" title=\"\" \/><\/a><p>Minul\u00fd v\u00edkend se z\u00fa\u010dastnilo na\u0161e trio alpsk\u00fdch ly\u017ea\u0159\u016f ve slo\u017een\u00ed Standa Loska, Radim Kozlovsk\u00fd a Olda Jel\u00ednek fin\u00e1le EP v italsk\u00e9m Zoncolanu. P\u0159edveden\u00fdmi v\u00fdkony kluci v konkurenci rozhodn\u011b nezapadli. Nejl\u00e9pe [&hellip;]<\/p>\n","protected":false},"author":1,"featured_media":0,"comment_status":"closed","ping_status":"closed","sticky":false,"template":"","format":"standard","meta":{"ngg_post_thumbnail":0,"footnotes":""},"categories":[14],"tags":[],"class_list":["post-1299","post","type-post","status-publish","format-standard","hentry","category-lyzovani"],"_links":{"self":[{"href":"https:\/\/www.caths.cz\/wordpress\/wp-json\/wp\/v2\/posts\/1299","targetHints":{"allow":["GET"]}}],"collection":[{"href":"https:\/\/www.caths.cz\/wordpress\/wp-json\/wp\/v2\/posts"}],"about":[{"href":"https:\/\/www.caths.cz\/wordpress\/wp-json\/wp\/v2\/types\/post"}],"author":[{"embeddable":true,"href":"https:\/\/www.caths.cz\/wordpress\/wp-json\/wp\/v2\/users\/1"}],"replies":[{"embeddable":true,"href":"https:\/\/www.caths.cz\/wordpress\/wp-json\/wp\/v2\/comments?post=1299"}],"version-history":[{"count":0,"href":"https:\/\/www.caths.cz\/wordpress\/wp-json\/wp\/v2\/posts\/1299\/revisions"}],"wp:attachment":[{"href":"https:\/\/www.caths.cz\/wordpress\/wp-json\/wp\/v2\/media?parent=1299"}],"wp:term":[{"taxonomy":"category","embeddable":true,"href":"https:\/\/www.caths.cz\/wordpress\/wp-json\/wp\/v2\/categories?post=1299"},{"taxonomy":"post_tag","embeddable":true,"href":"https:\/\/www.caths.cz\/wordpress\/wp-json\/wp\/v2\/tags?post=1299"}],"curies":[{"name":"wp","href":"https:\/\/api.w.org\/{rel}","templated":true}]}}