{"id":1296,"date":"2010-02-19T12:12:12","date_gmt":"2010-02-19T11:12:12","guid":{"rendered":"http:\/\/www.caths.cz\/wordpress\/?p=1296"},"modified":"2010-02-19T12:12:12","modified_gmt":"2010-02-19T11:12:12","slug":"do-zahajeni-zimnich-paralympijskych-her-zbyva-uz-jen-20-dni","status":"publish","type":"post","link":"https:\/\/www.caths.cz\/wordpress\/do-zahajeni-zimnich-paralympijskych-her-zbyva-uz-jen-20-dni\/","title":{"rendered":"Do zah\u00e1jen\u00ed zimn\u00edch paralympijsk\u00fdch her zb\u00fdv\u00e1 u\u017e jen 20 dn\u00ed!"},"content":{"rendered":"<p align=\"justify\">\nU\u017e jen 20 dn\u00ed n\u00e1s d\u011bl\u00ed od zah\u00e1jen\u00ed zimn\u00ed paralympi\u00e1dy ve Vancouveru.<br \/>\nPo\u0159adatel\u00e9 olympijsk\u00fdch a paralympijsk\u00fdch her ov\u0161em maj\u00ed, bohu\u017eel, obrovskou sm\u016flu,<br \/>\nkter\u00e1 velmi kaz\u00ed jejich obrovsk\u00e9 \u00fasil\u00ed a nad\u0161en\u00ed..<\/p>\n<p align=\"justify\"> U\u017e d\u00e1vno p\u0159ed zah\u00e1jen\u00edm byl, jindy zasn\u011b\u017een\u00fd Vancouver, zkr\u00e1p\u011bn tepl\u00fdmi de\u0161ti, kter\u00e9 rozsypaly pl\u00e1novan\u00fd olympijsk\u00fd program jako zrnka \u010daje. S n\u00e1sledky tepl\u00e9ho po\u010das\u00ed a n\u00e1sledn\u011b i hust\u00e9ho sn\u011b\u017een\u00ed, se pot\u00fdkaj\u00ed p\u0159edev\u0161\u00edm sjezda\u0159i a akrobati\u010dt\u00ed ly\u017ea\u0159i, trat\u011b se da\u0159\u00ed udr\u017eet v olympijsk\u00e9m standardu jen s nasazen\u00edm obrovsk\u00e9ho \u00fasil\u00ed stovek po\u0159adatel\u016f a dobrovoln\u00edk\u016f.<br \/> Fina\u010dn\u00ed nav\u00fd\u0161en\u00ed her se vzhledem k t\u011bmto okolnostem pohybuje v milionech dolar\u016f.<br \/> V opozici v\u016f\u010di po\u0159adatel\u016fm je i technika, za zm\u00ednku stoj\u00ed nevysunut\u00ed jednoho z ramen konstrukce olympijsk\u00e9ho ohn\u011b t\u011bsn\u011b p\u0159ed slavnostn\u00edm zap\u00e1len\u00edm, \u010di neuv\u011b\u0159iteln\u00e1 st\u00e1vka v\u0161ech t\u0159\u00ed stroj\u016f na \u00fapravu ledu v rychlobrusla\u0159sk\u00e9 hale &#8211; jejich op\u011btovn\u00e9 uveden\u00ed do provozu zavdalo d\u016fvod ke skandovan\u00e9mu potlesku a j\u00e1sotu div\u00e1k\u016f i sportovc\u016f, tak\u017ee i stroj\u016fm se dostalo zaslou\u017een\u00e9ho aplausu na \u00farovni olympijsk\u00e9ho v\u00edt\u011bzstv\u00ed.<\/p>\n<p> Ale toto v\u0161echno je \u00fasm\u011bvn\u00e9 a nicotn\u00e9 oproti zran\u011bn\u00ed 19 n\u00e1v\u0161t\u011bvn\u00edk\u016f koncertu po\u0159\u00e1dan\u00e9ho v r\u00e1mci her, na kter\u00e9 se z\u0159\u00edtilo hrazen\u00ed a p\u0159edev\u0161\u00edm tragick\u00e9 smrti gruzinsk\u00e9ho s\u00e1\u0148ka\u0159e, jen p\u00e1r hodin p\u0159ed zah\u00e1jen\u00edm olympijsk\u00fdch her&#8230; <\/p>\n<p> Po\u0159adatel\u00e9 a dobrovoln\u00edci v\u0161ak state\u010dn\u011b \u010del\u00ed t\u00e9to shod\u011b ne\u0161\u0165astn\u00fdch n\u00e1hod s nesm\u00edrn\u00fdm nasazen\u00edm, ne\u00fanavn\u011b upravuj\u00ed mokr\u00e9 trat\u011b, \u010di naopak likviduj\u00ed mno\u017estv\u00ed nov\u011b napaden\u00e9ho sn\u011bhu a podle zpr\u00e1v, kter\u00e9 m\u00e1me z Vancouveru, vytv\u00e1\u0159ej\u00ed neopakovatelnou atmosf\u00e9ru p\u0159\u00e1telstv\u00ed a pohostinnosti pro v\u0161echny sportovce a n\u00e1v\u0161t\u011bvn\u00edky her.<\/p>\n<p> <img decoding=\"async\" src=\"\/wordpress\/image\/k_clankum\/kancelar_vancouver.jpg\" ALIGN=\"right\" HSPACE=5 VSPACE=5> Dr\u017eme palce, a\u0165 bl\u00ed\u017e\u00edc\u00ed se paralympijsk\u00e9 hry nejsou zat\u00ed\u017eeny tak velk\u00fdm mno\u017estv\u00edm smoln\u00fdch n\u00e1hod, jako tomu je v p\u0159\u00edpad\u011b her olympijsk\u00fdch.<br \/> A jak to vypad\u00e1 v \u010cesk\u00e9 paralympijsk\u00e9 v\u00fdprav\u011b?<br \/> Stru\u010dn\u011b \u0159e\u010deno, klid p\u0159ed bou\u0159\u00ed z pohledu sportovc\u016f a BOU\u0158E s krupobit\u00edm z pohledu sekretari\u00e1tu \u010cATHS. Holky toho maj\u00ed nad hlavu, v souvislosti s bl\u00ed\u017e\u00edc\u00ed se paralympi\u00e1dou \u0159e\u0161\u00ed mo\u017en\u00e9 i nemo\u017en\u00e9, jak dokumentuje na\u0161e fotografie z kancel\u00e1\u0159e Asociace, zavalen\u00e9 mno\u017estv\u00edm bot, bund, mikin, \u010di s svetr\u016f \u010dekaj\u00edc\u00edch na v\u00fdm\u011bnu, nebo\u0165 sv\u00fdm p\u016fvodn\u011b pl\u00e1novan\u00fdm majitel\u016fm prost\u011b nejsou&#8230; \ud83d\ude42 <\/p>\n","protected":false},"excerpt":{"rendered":"<a href=\"https:\/\/www.caths.cz\/wordpress\/do-zahajeni-zimnich-paralympijskych-her-zbyva-uz-jen-20-dni\/\"><img loading=\"lazy\" decoding=\"async\" width=\"100\" height=\"100\" src=\"https:\/\/www.caths.cz\/wordpress\/wp-content\/plugins\/thumbnail-for-excerpts\/tfe_no_thumb.png\" class=\"alignleft wp-post-image tfe\" alt=\"\" title=\"\" \/><\/a><p>U\u017e jen 20 dn\u00ed n\u00e1s d\u011bl\u00ed od zah\u00e1jen\u00ed zimn\u00ed paralympi\u00e1dy ve Vancouveru. Po\u0159adatel\u00e9 olympijsk\u00fdch a paralympijsk\u00fdch her ov\u0161em maj\u00ed, bohu\u017eel, obrovskou sm\u016flu, kter\u00e1 velmi kaz\u00ed jejich obrovsk\u00e9 \u00fasil\u00ed a nad\u0161en\u00ed.. [&hellip;]<\/p>\n","protected":false},"author":1,"featured_media":0,"comment_status":"closed","ping_status":"closed","sticky":false,"template":"","format":"standard","meta":{"ngg_post_thumbnail":0,"footnotes":""},"categories":[37],"tags":[],"class_list":["post-1296","post","type-post","status-publish","format-standard","hentry","category-zph-vancouver-2010"],"_links":{"self":[{"href":"https:\/\/www.caths.cz\/wordpress\/wp-json\/wp\/v2\/posts\/1296","targetHints":{"allow":["GET"]}}],"collection":[{"href":"https:\/\/www.caths.cz\/wordpress\/wp-json\/wp\/v2\/posts"}],"about":[{"href":"https:\/\/www.caths.cz\/wordpress\/wp-json\/wp\/v2\/types\/post"}],"author":[{"embeddable":true,"href":"https:\/\/www.caths.cz\/wordpress\/wp-json\/wp\/v2\/users\/1"}],"replies":[{"embeddable":true,"href":"https:\/\/www.caths.cz\/wordpress\/wp-json\/wp\/v2\/comments?post=1296"}],"version-history":[{"count":0,"href":"https:\/\/www.caths.cz\/wordpress\/wp-json\/wp\/v2\/posts\/1296\/revisions"}],"wp:attachment":[{"href":"https:\/\/www.caths.cz\/wordpress\/wp-json\/wp\/v2\/media?parent=1296"}],"wp:term":[{"taxonomy":"category","embeddable":true,"href":"https:\/\/www.caths.cz\/wordpress\/wp-json\/wp\/v2\/categories?post=1296"},{"taxonomy":"post_tag","embeddable":true,"href":"https:\/\/www.caths.cz\/wordpress\/wp-json\/wp\/v2\/tags?post=1296"}],"curies":[{"name":"wp","href":"https:\/\/api.w.org\/{rel}","templated":true}]}}