{"id":1295,"date":"2010-02-18T00:00:57","date_gmt":"2010-02-17T23:00:57","guid":{"rendered":"http:\/\/www.caths.cz\/wordpress\/?p=1295"},"modified":"2010-02-18T00:00:57","modified_gmt":"2010-02-17T23:00:57","slug":"tri-otazky-pro-nase-paralympioniky-trenerka-sjezdaru-petra-syrovatkova","status":"publish","type":"post","link":"https:\/\/www.caths.cz\/wordpress\/tri-otazky-pro-nase-paralympioniky-trenerka-sjezdaru-petra-syrovatkova\/","title":{"rendered":"T\u0159i ot\u00e1zky pro na\u0161e paralympioniky \u2013 tren\u00e9rka sjezda\u0159\u016f Petra Syrov\u00e1tkov\u00e1"},"content":{"rendered":"<p align=\"justify\"> <strong> 1. Jak\u00fd v\u00fdsledek bude ve Vancouveru \u00fasp\u011bchem a jak\u00fd ne\u00fasp\u011bchem? <\/strong><\/p>\n<p><em> Kluci na monoski (Radim a Olda) mi ud\u011blaj\u00ed radost ka\u017ed\u00fdm um\u00edst\u011bn\u00edm do 20.m\u00edsta a za obrovsk\u00fd \u00fasp\u011bch budu pova\u017eovat prvn\u00ed \u0161estn\u00e1ctku. <br \/>Konkurence v kategorii sed\u00edc\u00edch je obrovsk\u00e1, t\u011b\u017eko se d\u00e1 \u0159\u00edci, co by byl opravdu ne\u00fasp\u011bch. Standovi v kategorii stoj\u00edc\u00edch v\u011b\u0159\u00edm, \u017ee bude v prvn\u00edch \u0161estn\u00e1cti a douf\u00e1m, \u017ee bude je\u0161t\u011b lep\u0161\u00ed. <\/em><\/p>\n<p><strong> 2. Jak prob\u00edh\u00e1 p\u0159\u00edprava na ZPH? <\/strong><\/p>\n<p><em> Vzhledem k tomu, \u017ee kluci jsou ka\u017ed\u00fd z jin\u00e9ho koutu republiky a Standa s Radimem jsou pracovn\u011b velmi vyt\u00ed\u017eeni, by byla spole\u010dn\u00e1 p\u0159\u00edprava velmi obt\u00ed\u017en\u00e1. <br \/> Na podzim byl ka\u017ed\u00fd ze z\u00e1vodn\u00edk\u016f na n\u011bkolika soust\u0159ed\u011bn\u00edch na ledovci. Nyn\u00ed vyu\u017e\u00edvaj\u00ed dobr\u00fdch sn\u011bhov\u00fdch podm\u00ednek u n\u00e1s. Olda se p\u0159ipravuje pod veden\u00edm sv\u00e9ho osobn\u00edho tren\u00e9ra Tom\u00e1\u0161 Lis\u00e9ho hlavn\u011b v Krkono\u0161\u00edch. Radim a Standa tr\u00e9nuj\u00ed individu\u00e1ln\u011b, jak jim \u010das a pom\u00ednky dovol\u00ed.<br \/> V\u00fdsledkov\u011b se za\u010d\u00e1tek sezony vyda\u0159il Standovi, bodoval jak evropsk\u00e9m, tak sv\u011btov\u00e9m poh\u00e1ru (EP Pitztal: 7. v GS, 15. v SG; SP Abtenau: 11. a 14. ve SL). Olda a Radim zat\u00edm neuk\u00e1zali, co um\u00ed. Radimova umst\u011bn\u00ed z evropsk\u00fdch poh\u00e1r\u016f jsou trochu zklam\u00e1n\u00edm (Pitztal: 22.GS, 23.SG; Kuhtai: 23.GS, 21.SL). Olda zat\u00edm v\u011bt\u0161inu z\u00e1vod\u016f nedojel, dokon\u010dil pouze na 18. m\u00edst\u011b SG na Pitztalu a ani jeho premi\u00e9ra ve sv\u011btov\u00e9m poh\u00e1ru se nevyvedla, upadl v jednom z tr\u00e9nink\u016f sjezdu a pak i p\u0159i z\u00e1vod\u011b.<br \/>Za t\u00fdden \u010dek\u00e1 v\u0161echny t\u0159i reprezentanty je\u0161t\u011b fin\u00e1le EP v italsk\u00e9m Arta Treme a Olda bude t\u011bsn\u011b p\u0159ed paralympi\u00e1dou startovat ve fin\u00e1le SP v americk\u00e9m Aspenu. V\u011b\u0159\u00edm, \u017ee Standa potvrd\u00ed dobr\u00e9 v\u00fdsledky a kluci na monoski kone\u010dn\u011b prodaj\u00ed to, co natr\u00e9novali. <\/em><\/p>\n<p><strong> 3. Jak\u00e9 je tv\u00e9 ve\u0159ejn\u011b tajn\u00e9 p\u0159\u00e1n\u00ed v souvislosti s Vancouverem? <\/strong><\/p>\n<p><em> P\u0159\u00e1n\u00ed m\u00e1m t\u0159i:<br \/> &#8211; Aby se n\u00e1m vyh\u00fdbala zran\u011bn\u00ed a dr\u017eelo se n\u00e1s zdrav\u00ed<br \/> &#8211; Vytvo\u0159it ve Vancouveru takov\u00e9 z\u00e1zem\u00ed aby se z\u00e1vodn\u00edci mohli soust\u0159edit jen na sportovn\u00ed v\u00fdkon a pomoci jim tak k \u00fasp\u011bchu<br \/> &#8211; N\u011bjak\u00e9 um\u00edst\u011bn\u00ed v prvn\u00ed des\u00edtce <\/em><\/p>\n","protected":false},"excerpt":{"rendered":"<a href=\"https:\/\/www.caths.cz\/wordpress\/tri-otazky-pro-nase-paralympioniky-trenerka-sjezdaru-petra-syrovatkova\/\"><img loading=\"lazy\" decoding=\"async\" width=\"100\" height=\"100\" src=\"https:\/\/www.caths.cz\/wordpress\/wp-content\/plugins\/thumbnail-for-excerpts\/tfe_no_thumb.png\" class=\"alignleft wp-post-image tfe\" alt=\"\" title=\"\" \/><\/a><p>1. Jak\u00fd v\u00fdsledek bude ve Vancouveru \u00fasp\u011bchem a jak\u00fd ne\u00fasp\u011bchem? Kluci na monoski (Radim a Olda) mi ud\u011blaj\u00ed radost ka\u017ed\u00fdm um\u00edst\u011bn\u00edm do 20.m\u00edsta a za obrovsk\u00fd \u00fasp\u011bch budu pova\u017eovat prvn\u00ed [&hellip;]<\/p>\n","protected":false},"author":1,"featured_media":0,"comment_status":"closed","ping_status":"closed","sticky":false,"template":"","format":"standard","meta":{"ngg_post_thumbnail":0,"footnotes":""},"categories":[37],"tags":[],"class_list":["post-1295","post","type-post","status-publish","format-standard","hentry","category-zph-vancouver-2010"],"_links":{"self":[{"href":"https:\/\/www.caths.cz\/wordpress\/wp-json\/wp\/v2\/posts\/1295","targetHints":{"allow":["GET"]}}],"collection":[{"href":"https:\/\/www.caths.cz\/wordpress\/wp-json\/wp\/v2\/posts"}],"about":[{"href":"https:\/\/www.caths.cz\/wordpress\/wp-json\/wp\/v2\/types\/post"}],"author":[{"embeddable":true,"href":"https:\/\/www.caths.cz\/wordpress\/wp-json\/wp\/v2\/users\/1"}],"replies":[{"embeddable":true,"href":"https:\/\/www.caths.cz\/wordpress\/wp-json\/wp\/v2\/comments?post=1295"}],"version-history":[{"count":0,"href":"https:\/\/www.caths.cz\/wordpress\/wp-json\/wp\/v2\/posts\/1295\/revisions"}],"wp:attachment":[{"href":"https:\/\/www.caths.cz\/wordpress\/wp-json\/wp\/v2\/media?parent=1295"}],"wp:term":[{"taxonomy":"category","embeddable":true,"href":"https:\/\/www.caths.cz\/wordpress\/wp-json\/wp\/v2\/categories?post=1295"},{"taxonomy":"post_tag","embeddable":true,"href":"https:\/\/www.caths.cz\/wordpress\/wp-json\/wp\/v2\/tags?post=1295"}],"curies":[{"name":"wp","href":"https:\/\/api.w.org\/{rel}","templated":true}]}}