{"id":1221,"date":"2009-11-30T12:11:41","date_gmt":"2009-11-30T11:11:41","guid":{"rendered":"http:\/\/www.caths.cz\/wordpress\/?p=1221"},"modified":"2009-11-30T12:11:41","modified_gmt":"2009-11-30T11:11:41","slug":"2-a-3-den-ms-v-plavani","status":"publish","type":"post","link":"https:\/\/www.caths.cz\/wordpress\/2-a-3-den-ms-v-plavani\/","title":{"rendered":"2. a 3. den MS v plav\u00e1n\u00ed"},"content":{"rendered":"<p align=\"justify\"> <strong>2.den <\/strong><br \/> &#8211; den ve znamen\u00ed dopingov\u00e9 kontroly Arno\u0161ta<\/p>\n<p> Druh\u00fd den r\u00e1no jsme se po\u0159\u00e1dn\u011b vyspali, dali par\u00e1dn\u00ed sn\u00eddani, v\u010detn\u011b hromady ovoce a mikrobusem, kter\u00fd je jenom pro n\u00e1s (m\u00e1 vep\u0159edu \u010deskou vlajku) dorazili na venkovn\u00ed z\u00e1vodn\u00ed baz\u00e9n. Ten soused\u00ed p\u0159\u00edmo s fotbalov\u00fdm stadionem Maracana a je kr\u00e1sn\u00fd. Voda v n\u011bm je sice na n\u00e1s, a nejenom na n\u00e1s, trochu tepl\u00e1 \u2013 kolem 30\u00b0, co\u017e nen\u00ed pro z\u00e1vod pr\u00e1v\u011b ide\u00e1ln\u00ed, ale snad se to po protestech v\u00fdprav d\u00e1 do po\u0159\u00e1dku. Kdy\u017e ne, tak budou v\u0161ichni plavci malinko na\u0161tvan\u00ed\u2026ale co se d\u00e1 d\u011blat\u2026 <br \/>Pl\u00e1novan\u00fd v\u00fdlet se bl\u00ed\u017eil, tak\u017ee jsme byli v dobr\u00e9 n\u00e1lad\u011b. Odpoledne se v\u0161echno zaseklo\u2026Ka\u010denka a B\u011bla sice odjely na turisticky zn\u00e1mou sochu Je\u017e\u00ed\u0161e, ale Arno\u0161t byl p\u0159ed odjezdem p\u0159epaden v pokoji dopingovou komisa\u0159kou\u2026jeliko\u017e v\u016fbec nev\u011bd\u011bl co se d\u011bje, p\u0159epadl i s n\u00ed m\u011b a vyjeli jsme do 14. patra na odevzd\u00e1n\u00ed vzorku. Bezelstn\u011b se m\u011b nav\u00edc ptal jestli v\u016fbec m\u00e1 j\u00edt s n\u00e1mi\u2026<br \/>Nejd\u0159\u00edv se ned\u011blo nic, pak pit\u00ed, pit\u00ed\u2026pokus, op\u011bt nic\u2026pit\u00ed, nervy, hysterie, pit\u00ed, slzy\u2026to se opakovalo v\u00edc ne\u017e t\u0159i hodiny\u2026.v\u0161e dob\u0159e dopadlo, vzorek nakonec opustil Arno\u0161t\u016fv mo\u010dov\u00fd m\u011bch\u00fd\u0159 a byl bezpe\u010dn\u011b um\u00edst\u011bn v pevn\u011b uzav\u0159en\u00fdch n\u00e1dobk\u00e1ch. Snad na tom bude s nervy na samotn\u00fdch z\u00e1vodech l\u00e9pe. <br \/>Holky se vr\u00e1tily v po\u0159\u00e1dku, spokojen\u00e9, vysm\u00e1t\u00e9\u2026a j\u00e1 m\u00e1m Je\u017e\u00ed\u0161e jako suven\u00fdr na kl\u00ed\u010d\u00edch. <\/p>\n<p> <strong>3.den<\/strong><\/p>\n<p> R\u00e1no jsme si museli malinko p\u0159ivstat, n\u00e1\u0161 tr\u00e9nink byl od 8.30 a doporu\u010den\u00fd odjezd na baz\u00e9n je 90 minut p\u0159ed za\u010d\u00e1tkem. Zkou\u0161\u00edme dopravu, abychom se vyhnuli probl\u00e9m\u016fm v \u010dase samotn\u00fdch z\u00e1vod\u016f, v centru je docela z\u00e1cpa. V\u016fbec m\u011bstsk\u00fd provoz je tady kapitola sama o sob\u011b. \u0158idi\u010di jezd\u00ed na v\u0161echny barvy, troub\u00ed a n\u011bkdy nen\u00ed jasn\u00e9, po jak\u00e9 stran\u011b silnice se v\u016fbec jezd\u00ed. <br \/> Rio je ale \u00fa\u017easn\u00e9 m\u011bsto\u2026.moc se n\u00e1m tu l\u00edb\u00ed. Voda v z\u00e1vodn\u00edm baz\u00e9n\u011b vystoupila od v\u010derej\u0161ka op\u011bt o n\u011bco nahoru a za\u010d\u00edn\u00e1 b\u00fdt infarkt\u00f3zn\u00ed\u2026 Minim\u00e1ln\u011b jsou v\u0161ichni par\u00e1dn\u011b rud\u00ed a hledaj\u00ed studenou vodu. Holk\u00e1m ji liji z p\u0159istaven\u00fdch ledni\u010dek rovnou na hlavy a z\u00e1tylek. <br \/> \u2026koment\u00e1\u0159 Ka\u010denky po doplavan\u00e9m sprintu : <em>\u201e m\u00e1m p\u0159ed smrt\u00ed posledn\u00ed dv\u011b minuty, tak si dob\u0159e rozmysli jak je vyu\u017eije\u0161\u2026.\u201c<\/em><br \/> Odpoledne jsme zvolili odpo\u010dinek a lehk\u00e9 vyplav\u00e1n\u00ed v hotelu. Dnes bylo sice teplo, ale slun\u00ed\u010dko nep\u00e1lilo, malinko p\u0159\u00edjemn\u011b foukalo a tak se t\u00fdm po vyplav\u00e1n\u00ed v\u00e1lel u baz\u00e9nu, holky v dvoud\u00edln\u00fdch plavk\u00e1ch. Musela jsem je d\u00e1t na starost jedin\u00e9mu chlapovi v\u00fdpravy Arno\u0161tovi, proto\u017ee N\u011bmci a \u0160v\u011bdov\u00e9 kouleli o\u010dima a j\u00e1 jsem odjela na technick\u00fd m\u00edtink (jak se n\u011bkdo p\u0159ibl\u00ed\u017e\u00ed m\u00ed\u0148 ne\u017e 5m, okam\u017eit\u011b volat\u2026.). <br \/>M\u00edtink prob\u011bhl profesion\u00e1ln\u011b, byl maxim\u00e1ln\u011b p\u0159ipraven a zazn\u011bly na n\u011bm v\u0161echny podstatn\u00e9 informace, v\u010detn\u011b upozorn\u011bn\u00ed, \u017ee bude opravdu teplo a nebude p\u0159istav\u011bna \u017e\u00e1dn\u00e1 kryt\u00e1 tribuna pro voz\u00ed\u010dk\u00e1\u0159e\u2026. Zaj\u00edmav\u00e1 informace, ale u baz\u00e9nu je prostor pro t\u00fdmy obehnan\u00fd v\u011btr\u00e1ky, kde je k dispozici studen\u00e9 pit\u00ed a \u010derstv\u00e9 ovoce, tak to snad p\u0159e\u017eijeme\u2026 Prob\u011bhla tak\u00e9 prezentace paralympijsk\u00fdch sportovi\u0161\u0165 roku 2016.<br \/> Na\u0161e mal\u00e1 skupinka si to tady celkem u\u017e\u00edv\u00e1, jsme v pohod\u011b, plavci plavou rychle, obr\u00e1tky cvi\u010d\u00edme poctiv\u011b a t\u011b\u0161\u00edme se na z\u00e1vody. Ka\u010denku jako nejmlad\u0161\u00ed jsme nominovali na zahajovac\u00ed ceremoni\u00e1l, kter\u00fd je z\u00edtra odpoledne p\u0159ed prvn\u00edm fin\u00e1lov\u00fdm blokem, kter\u00e9ho se je\u0161t\u011b ne\u00fa\u010dastn\u00edme, pojedeme ji jenom u nesen\u00ed vlajky podpo\u0159it a nas\u00e1t na chvilku z\u00e1vodn\u00ed atmosf\u00e9ru. <br \/> Vy\u0159e\u0161ili jsme tak\u00e9 n\u011bkolik mal\u00fdch probl\u00e9m\u016f, jako nap\u0159. uv\u00edznut\u00ed holek ve v\u00fdtahu a myt\u00ed B\u011bly, kter\u00e1 se ve sv\u00e9m pokoji nevejde voz\u00edkem do dve\u0159\u00ed koupelny \u2013 v\u0161echny v\u00fdpravy maj\u00ed tento probl\u00e9m, ale nejde s t\u00edm nic ud\u011blat\u2026 V m\u00e9m pokoji se do dve\u0159\u00ed vejde silou v\u016fle a sv\u00fdch biceps\u016f, tak\u017ee se chod\u00ed do sedm\u00e9ho patra ka\u017ed\u00fd ve\u010der koupat\u2026 Ona n\u00e1m holka za\u010d\u00ednala b\u00fdt trochu ule\u017eel\u00e1\u2026..<br \/> Z Ria V\u00e1s v\u0161echny zdrav\u00edme.<\/p>\n<p> 28.11.2009 Rio de Janeiro<br \/>23:00h, venku kolem 28\u00b0C<\/p>\n<p> V\u011bnsekov\u00e1 Andrea<\/p>\n","protected":false},"excerpt":{"rendered":"<a href=\"https:\/\/www.caths.cz\/wordpress\/2-a-3-den-ms-v-plavani\/\"><img loading=\"lazy\" decoding=\"async\" width=\"100\" height=\"100\" src=\"https:\/\/www.caths.cz\/wordpress\/wp-content\/plugins\/thumbnail-for-excerpts\/tfe_no_thumb.png\" class=\"alignleft wp-post-image tfe\" alt=\"\" title=\"\" \/><\/a><p>2.den &#8211; den ve znamen\u00ed dopingov\u00e9 kontroly Arno\u0161ta Druh\u00fd den r\u00e1no jsme se po\u0159\u00e1dn\u011b vyspali, dali par\u00e1dn\u00ed sn\u00eddani, v\u010detn\u011b hromady ovoce a mikrobusem, kter\u00fd je jenom pro n\u00e1s (m\u00e1 vep\u0159edu [&hellip;]<\/p>\n","protected":false},"author":1,"featured_media":0,"comment_status":"closed","ping_status":"closed","sticky":false,"template":"","format":"standard","meta":{"ngg_post_thumbnail":0,"footnotes":""},"categories":[15],"tags":[],"class_list":["post-1221","post","type-post","status-publish","format-standard","hentry","category-plavani"],"_links":{"self":[{"href":"https:\/\/www.caths.cz\/wordpress\/wp-json\/wp\/v2\/posts\/1221","targetHints":{"allow":["GET"]}}],"collection":[{"href":"https:\/\/www.caths.cz\/wordpress\/wp-json\/wp\/v2\/posts"}],"about":[{"href":"https:\/\/www.caths.cz\/wordpress\/wp-json\/wp\/v2\/types\/post"}],"author":[{"embeddable":true,"href":"https:\/\/www.caths.cz\/wordpress\/wp-json\/wp\/v2\/users\/1"}],"replies":[{"embeddable":true,"href":"https:\/\/www.caths.cz\/wordpress\/wp-json\/wp\/v2\/comments?post=1221"}],"version-history":[{"count":0,"href":"https:\/\/www.caths.cz\/wordpress\/wp-json\/wp\/v2\/posts\/1221\/revisions"}],"wp:attachment":[{"href":"https:\/\/www.caths.cz\/wordpress\/wp-json\/wp\/v2\/media?parent=1221"}],"wp:term":[{"taxonomy":"category","embeddable":true,"href":"https:\/\/www.caths.cz\/wordpress\/wp-json\/wp\/v2\/categories?post=1221"},{"taxonomy":"post_tag","embeddable":true,"href":"https:\/\/www.caths.cz\/wordpress\/wp-json\/wp\/v2\/tags?post=1221"}],"curies":[{"name":"wp","href":"https:\/\/api.w.org\/{rel}","templated":true}]}}