{"id":1220,"date":"2009-11-30T11:54:22","date_gmt":"2009-11-30T10:54:22","guid":{"rendered":"http:\/\/www.caths.cz\/wordpress\/?p=1220"},"modified":"2009-11-30T11:54:22","modified_gmt":"2009-11-30T10:54:22","slug":"1den-ms-prijezd-do-ria-de-janeira","status":"publish","type":"post","link":"https:\/\/www.caths.cz\/wordpress\/1den-ms-prijezd-do-ria-de-janeira\/","title":{"rendered":"1.den MS \u2013 p\u0159\u00edjezd do Ria de Janeira"},"content":{"rendered":"<p align=\"justify\">Premi\u00e9rov\u00e9 Mistrovstv\u00ed sv\u011bta na kr\u00e1tk\u00e9m 25m baz\u00e9nu se kon\u00e1 tento rok v dalek\u00e9m brazilsk\u00e9m Riu.<\/p>\n<p align=\"justify\"> Na\u0161e v\u00fdprava se skl\u00e1d\u00e1 nezvykle jenom ze \u010dty\u0159 \u010dlen\u016f. tren\u00e9rka + 3 z\u00e1vodn\u00edci. P\u016fvodn\u00ed slo\u017een\u00ed t\u00fdmu opustil Jan Pov\u00fd\u0161il, kter\u00fd se l\u00e9\u010d\u00ed se \u017eloutenky (pozdravujeme ho, moc n\u00e1m v\u0161em chyb\u00ed), Terezka Diepoldov\u00e1, ta nepotvrdila svoj\u00ed v\u00fdkonnost, z\u016fstala doma a fyzioterapeut Martin (pracuje).<br \/> Dlouhou cestu jsme zah\u00e1jili v Praze, pokra\u010dovali jsme p\u0159es Pa\u0159\u00ed\u017e, kde jsme absolvovali dostihy po leti\u0161tn\u00ed plo\u0161e, ve snaze stihnout spoj do Ria, to se poda\u0159ilo, ale stejn\u011b jsme pak \u010dekali dv\u011b hodiny v \u00fapln\u011b narvan\u00e9m obrovsk\u00e9m letadle na start. Ten se odkl\u00e1dal a odkl\u00e1dal\u2026.<br \/> Do Ria jsme dorazili s dvouhodinov\u00fdm zpo\u017ed\u011bn\u00edm, po noci v poloze sedac\u00ed zna\u010dn\u011b unaven\u00ed. Na m\u00edst\u011b n\u00e1s sice \u010dekal n\u00e1\u0161 deleg\u00e1t, ale toho to p\u0159estalo po chvilce bavit a s \u00fasm\u011bvem nasedl p\u0159ed leti\u0161t\u011bm do tax\u00edku a opustil na\u0161\u00ed zdecimovanou a unavenou skupinku. To zase p\u0159estalo bavit m\u011b a po malink\u00e9m n\u00e1tlaku jsem zatkla \u0159idi\u010de mikrobusu s jasn\u00fdm \u00fakolem n\u00e1s dov\u00e9zt do hotelu. Povedlo se a po p\u0159ehl\u00eddce Ria n\u00e1s dopravil dle na\u0161eho p\u0159\u00e1n\u00ed do m\u00edsta ur\u010den\u00ed. <br \/> Hotel m\u00e1me kr\u00e1sn\u00fd\u2026u mo\u0159e\u2026s terasami v pokoj\u00edch \u2013 ty maj\u00ed taky v\u00fdhled na mo\u0159e\u2026..V\u0161echno tu klape jako hodinky. Akreditace, ubytov\u00e1n\u00ed, j\u00eddlo, v\u0161e je na vynikaj\u00edc\u00ed \u00farovni. <br \/> Po cest\u011b jsme zvolili odpo\u010dinkov\u00fd den s vydatn\u00fdm ob\u011bdem, lehk\u00fdm vyplav\u00e1n\u00edm v hotelov\u00e9m baz\u00e9nu a kr\u00e1tkou vych\u00e1zkou po ulic\u00edch, ve snaze naj\u00edt sm\u011bn\u00e1rnu a obchod s pit\u00edm, proto\u017ee venkovn\u00ed teplota je v\u00edc ne\u017e 30 stup\u0148\u016f a nav\u00edc vysok\u00e1 vlhkost\u2026pot\u00edme se jako o z\u00e1vod. <br \/> Po n\u00e1kupu jsme si dop\u0159\u00e1li \u010derstv\u011b vyma\u010dkan\u00fd pomeran\u010dov\u00fd d\u017eus v m\u00edstn\u00ed hospod\u011b \u2013 tren\u00e9rka mojito\u2026Dnes je p\u0159\u00edkaz se udr\u017eet vzh\u016fru a nej\u00edt sp\u00e1t d\u0159\u00edv, ne\u017e v dev\u011bt (na\u0161eho \u010dasu p\u016flnoc), tak\u017ee po ve\u010de\u0159i t\u00fdm hraje \u017eol\u00edky a mrk\u00e1 p\u0159es balk\u00f3n na vlny.<br \/> Jedinou nep\u0159\u00edjemnost dne za\u017eila Ka\u010denka, kter\u00e1 si spletla na ve\u010de\u0159i k\u0159epel\u010d\u00ed vejce s mozzarellou a pak to musela nahradit kusem \u010dokol\u00e1dov\u00e9ho dortu\u2026<br \/> Z\u00edtra n\u00e1s \u010dek\u00e1 dopoledn\u00ed tr\u00e9nink na z\u00e1vodn\u00edm baz\u00e9nu, odpoledn\u00ed v\u00fdlet se slovenskou v\u00fdpravou (p\u016fjdeme na sochu Je\u017e\u00ed\u0161e), a ve\u010dern\u00ed vyplav\u00e1n\u00ed v hotelu.<\/p>\n","protected":false},"excerpt":{"rendered":"<a href=\"https:\/\/www.caths.cz\/wordpress\/1den-ms-prijezd-do-ria-de-janeira\/\"><img loading=\"lazy\" decoding=\"async\" width=\"100\" height=\"100\" src=\"https:\/\/www.caths.cz\/wordpress\/wp-content\/plugins\/thumbnail-for-excerpts\/tfe_no_thumb.png\" class=\"alignleft wp-post-image tfe\" alt=\"\" title=\"\" \/><\/a><p>Premi\u00e9rov\u00e9 Mistrovstv\u00ed sv\u011bta na kr\u00e1tk\u00e9m 25m baz\u00e9nu se kon\u00e1 tento rok v dalek\u00e9m brazilsk\u00e9m Riu. Na\u0161e v\u00fdprava se skl\u00e1d\u00e1 nezvykle jenom ze \u010dty\u0159 \u010dlen\u016f. tren\u00e9rka + 3 z\u00e1vodn\u00edci. P\u016fvodn\u00ed slo\u017een\u00ed [&hellip;]<\/p>\n","protected":false},"author":1,"featured_media":0,"comment_status":"closed","ping_status":"closed","sticky":false,"template":"","format":"standard","meta":{"ngg_post_thumbnail":0,"footnotes":""},"categories":[15],"tags":[],"class_list":["post-1220","post","type-post","status-publish","format-standard","hentry","category-plavani"],"_links":{"self":[{"href":"https:\/\/www.caths.cz\/wordpress\/wp-json\/wp\/v2\/posts\/1220","targetHints":{"allow":["GET"]}}],"collection":[{"href":"https:\/\/www.caths.cz\/wordpress\/wp-json\/wp\/v2\/posts"}],"about":[{"href":"https:\/\/www.caths.cz\/wordpress\/wp-json\/wp\/v2\/types\/post"}],"author":[{"embeddable":true,"href":"https:\/\/www.caths.cz\/wordpress\/wp-json\/wp\/v2\/users\/1"}],"replies":[{"embeddable":true,"href":"https:\/\/www.caths.cz\/wordpress\/wp-json\/wp\/v2\/comments?post=1220"}],"version-history":[{"count":0,"href":"https:\/\/www.caths.cz\/wordpress\/wp-json\/wp\/v2\/posts\/1220\/revisions"}],"wp:attachment":[{"href":"https:\/\/www.caths.cz\/wordpress\/wp-json\/wp\/v2\/media?parent=1220"}],"wp:term":[{"taxonomy":"category","embeddable":true,"href":"https:\/\/www.caths.cz\/wordpress\/wp-json\/wp\/v2\/categories?post=1220"},{"taxonomy":"post_tag","embeddable":true,"href":"https:\/\/www.caths.cz\/wordpress\/wp-json\/wp\/v2\/tags?post=1220"}],"curies":[{"name":"wp","href":"https:\/\/api.w.org\/{rel}","templated":true}]}}