{"id":1219,"date":"2009-11-28T08:33:37","date_gmt":"2009-11-28T07:33:37","guid":{"rendered":"http:\/\/www.caths.cz\/wordpress\/?p=1219"},"modified":"2009-11-28T08:33:37","modified_gmt":"2009-11-28T07:33:37","slug":"fotoreportaz-z-prvniho-dne-mezinarodniho-turnaje-v-curlingu-vozickaru","status":"publish","type":"post","link":"https:\/\/www.caths.cz\/wordpress\/fotoreportaz-z-prvniho-dne-mezinarodniho-turnaje-v-curlingu-vozickaru\/","title":{"rendered":"Fotoreport\u00e1\u017e z prvn\u00edho dne Mezin\u00e1rodn\u00edho turnaje v curlingu voz\u00ed\u010dk\u00e1\u0159\u016f"},"content":{"rendered":"<p> <img decoding=\"async\" src=\"\/wordpress\/image\/k_clankum\/4.mtvcv\/No. 017.jpg\"> <\/p>\n<p> <img decoding=\"async\" src=\"\/wordpress\/image\/k_clankum\/4.mtvcv\/No. 016.jpg\"> <\/p>\n<p> <img decoding=\"async\" src=\"\/wordpress\/image\/k_clankum\/4.mtvcv\/No. 025.jpg\"> <\/p>\n<p> <img decoding=\"async\" src=\"\/wordpress\/image\/k_clankum\/4.mtvcv\/No. 030.jpg\"> <\/p>\n<p> <img decoding=\"async\" src=\"\/wordpress\/image\/k_clankum\/4.mtvcv\/No. 046.jpg\"> <\/p>\n<p> <img decoding=\"async\" src=\"\/wordpress\/image\/k_clankum\/4.mtvcv\/No. 062.jpg\"> <\/p>\n<p> <img decoding=\"async\" src=\"\/wordpress\/image\/k_clankum\/4.mtvcv\/No. 121.jpg\"> <\/p>\n<p> <img decoding=\"async\" src=\"\/wordpress\/image\/k_clankum\/4.mtvcv\/No. 072.jpg\"> <\/p>\n<p> <img decoding=\"async\" src=\"\/wordpress\/image\/k_clankum\/4.mtvcv\/No. 083.jpg\"> <\/p>\n<p> <img decoding=\"async\" src=\"\/wordpress\/image\/k_clankum\/4.mtvcv\/No. 094.jpg\"> <\/p>\n<p> <img decoding=\"async\" src=\"\/wordpress\/image\/k_clankum\/4.mtvcv\/No. 109.jpg\"> <\/p>\n<p> <img decoding=\"async\" src=\"\/wordpress\/image\/k_clankum\/4.mtvcv\/No. 130.jpg\"> <\/p>\n<p> <img decoding=\"async\" src=\"\/wordpress\/image\/k_clankum\/4.mtvcv\/No. 142.jpg\"> <\/p>\n<p> <img decoding=\"async\" src=\"\/wordpress\/image\/k_clankum\/4.mtvcv\/No. 143.jpg\"> <\/p>\n<p> <img decoding=\"async\" src=\"\/wordpress\/image\/k_clankum\/4.mtvcv\/No. 154.jpg\"> <\/p>\n<p> <img decoding=\"async\" src=\"\/wordpress\/image\/k_clankum\/4.mtvcv\/No. 173.jpg\"> <\/p>\n<p> <img decoding=\"async\" src=\"\/wordpress\/image\/k_clankum\/4.mtvcv\/No. 180.jpg\"> <\/p>\n<p> <img decoding=\"async\" src=\"\/wordpress\/image\/k_clankum\/4.mtvcv\/No. 182.jpg\"> <\/p>\n<p> <img decoding=\"async\" src=\"\/wordpress\/image\/k_clankum\/4.mtvcv\/No. 186.jpg\"> <\/p>\n<p> <img decoding=\"async\" src=\"\/wordpress\/image\/k_clankum\/4.mtvcv\/No. 197.jpg\"> <\/p>\n<p> <img decoding=\"async\" src=\"\/wordpress\/image\/k_clankum\/4.mtvcv\/No. 195.jpg\"> <\/p>\n<p> Foto: Pavel Vodi\u010dka<\/p>\n","protected":false},"excerpt":{"rendered":"<a href=\"https:\/\/www.caths.cz\/wordpress\/fotoreportaz-z-prvniho-dne-mezinarodniho-turnaje-v-curlingu-vozickaru\/\"><img loading=\"lazy\" decoding=\"async\" width=\"100\" height=\"100\" src=\"https:\/\/www.caths.cz\/wordpress\/wp-content\/plugins\/thumbnail-for-excerpts\/tfe_no_thumb.png\" class=\"alignleft wp-post-image tfe\" alt=\"\" title=\"\" \/><\/a><p>Foto: Pavel Vodi\u010dka<\/p>\n","protected":false},"author":1,"featured_media":0,"comment_status":"closed","ping_status":"closed","sticky":false,"template":"","format":"standard","meta":{"ngg_post_thumbnail":0,"footnotes":""},"categories":[7],"tags":[],"class_list":["post-1219","post","type-post","status-publish","format-standard","hentry","category-curling"],"_links":{"self":[{"href":"https:\/\/www.caths.cz\/wordpress\/wp-json\/wp\/v2\/posts\/1219","targetHints":{"allow":["GET"]}}],"collection":[{"href":"https:\/\/www.caths.cz\/wordpress\/wp-json\/wp\/v2\/posts"}],"about":[{"href":"https:\/\/www.caths.cz\/wordpress\/wp-json\/wp\/v2\/types\/post"}],"author":[{"embeddable":true,"href":"https:\/\/www.caths.cz\/wordpress\/wp-json\/wp\/v2\/users\/1"}],"replies":[{"embeddable":true,"href":"https:\/\/www.caths.cz\/wordpress\/wp-json\/wp\/v2\/comments?post=1219"}],"version-history":[{"count":0,"href":"https:\/\/www.caths.cz\/wordpress\/wp-json\/wp\/v2\/posts\/1219\/revisions"}],"wp:attachment":[{"href":"https:\/\/www.caths.cz\/wordpress\/wp-json\/wp\/v2\/media?parent=1219"}],"wp:term":[{"taxonomy":"category","embeddable":true,"href":"https:\/\/www.caths.cz\/wordpress\/wp-json\/wp\/v2\/categories?post=1219"},{"taxonomy":"post_tag","embeddable":true,"href":"https:\/\/www.caths.cz\/wordpress\/wp-json\/wp\/v2\/tags?post=1219"}],"curies":[{"name":"wp","href":"https:\/\/api.w.org\/{rel}","templated":true}]}}