{"id":1218,"date":"2009-11-26T17:01:43","date_gmt":"2009-11-26T16:01:43","guid":{"rendered":"http:\/\/www.caths.cz\/wordpress\/?p=1218"},"modified":"2009-11-26T17:01:43","modified_gmt":"2009-11-26T16:01:43","slug":"plavecky-tym-odletl-na-ms-v-plavani-v-kratkem-bazenu-do-rio-de-janeira","status":"publish","type":"post","link":"https:\/\/www.caths.cz\/wordpress\/plavecky-tym-odletl-na-ms-v-plavani-v-kratkem-bazenu-do-rio-de-janeira\/","title":{"rendered":"Plaveck\u00fd t\u00fdm odl\u00e9tl na MS v plav\u00e1n\u00ed v kr\u00e1tk\u00e9m baz\u00e9nu do Rio de Janeira"},"content":{"rendered":"<p align=\"justify\">\nV men\u0161\u00ed sestav\u011b ne\u017e na ME v Reykjaviku odcestoval v\u010dera ve\u010der \u010desk\u00fd reprezenta\u010dn\u00ed t\u00fdm plavc\u016f do dalek\u00e9 Braz\u00edlie.<br \/>\nO medaile budou usilovat B\u011bla Hlav\u00e1\u010dkov\u00e1, Katka Kom\u00e1rkov\u00e1 a Arno\u0161t Petr\u00e1\u010dek.<br \/>\nDr\u017ete palce!<\/p>\n<p>Informace sledujte na <a href=\"http:\/\/www.swimmingrio2009.com.br\/EN\/ \"><font color=\"#0066CC\">http:\/\/www.swimmingrio2009.com.br\/EN\/ <\/font><\/a><\/p>\n","protected":false},"excerpt":{"rendered":"<a href=\"https:\/\/www.caths.cz\/wordpress\/plavecky-tym-odletl-na-ms-v-plavani-v-kratkem-bazenu-do-rio-de-janeira\/\"><img loading=\"lazy\" decoding=\"async\" width=\"100\" height=\"100\" src=\"https:\/\/www.caths.cz\/wordpress\/wp-content\/plugins\/thumbnail-for-excerpts\/tfe_no_thumb.png\" class=\"alignleft wp-post-image tfe\" alt=\"\" title=\"\" \/><\/a><p>V men\u0161\u00ed sestav\u011b ne\u017e na ME v Reykjaviku odcestoval v\u010dera ve\u010der \u010desk\u00fd reprezenta\u010dn\u00ed t\u00fdm plavc\u016f do dalek\u00e9 Braz\u00edlie. O medaile budou usilovat B\u011bla Hlav\u00e1\u010dkov\u00e1, Katka Kom\u00e1rkov\u00e1 a Arno\u0161t Petr\u00e1\u010dek. Dr\u017ete [&hellip;]<\/p>\n","protected":false},"author":1,"featured_media":0,"comment_status":"closed","ping_status":"closed","sticky":false,"template":"","format":"standard","meta":{"ngg_post_thumbnail":0,"footnotes":""},"categories":[15],"tags":[],"class_list":["post-1218","post","type-post","status-publish","format-standard","hentry","category-plavani"],"_links":{"self":[{"href":"https:\/\/www.caths.cz\/wordpress\/wp-json\/wp\/v2\/posts\/1218","targetHints":{"allow":["GET"]}}],"collection":[{"href":"https:\/\/www.caths.cz\/wordpress\/wp-json\/wp\/v2\/posts"}],"about":[{"href":"https:\/\/www.caths.cz\/wordpress\/wp-json\/wp\/v2\/types\/post"}],"author":[{"embeddable":true,"href":"https:\/\/www.caths.cz\/wordpress\/wp-json\/wp\/v2\/users\/1"}],"replies":[{"embeddable":true,"href":"https:\/\/www.caths.cz\/wordpress\/wp-json\/wp\/v2\/comments?post=1218"}],"version-history":[{"count":0,"href":"https:\/\/www.caths.cz\/wordpress\/wp-json\/wp\/v2\/posts\/1218\/revisions"}],"wp:attachment":[{"href":"https:\/\/www.caths.cz\/wordpress\/wp-json\/wp\/v2\/media?parent=1218"}],"wp:term":[{"taxonomy":"category","embeddable":true,"href":"https:\/\/www.caths.cz\/wordpress\/wp-json\/wp\/v2\/categories?post=1218"},{"taxonomy":"post_tag","embeddable":true,"href":"https:\/\/www.caths.cz\/wordpress\/wp-json\/wp\/v2\/tags?post=1218"}],"curies":[{"name":"wp","href":"https:\/\/api.w.org\/{rel}","templated":true}]}}