{"id":1201,"date":"2009-11-07T20:38:47","date_gmt":"2009-11-07T19:38:47","guid":{"rendered":"http:\/\/www.caths.cz\/wordpress\/?p=1201"},"modified":"2009-11-07T20:38:47","modified_gmt":"2009-11-07T19:38:47","slug":"bronz-jiriho-jezka-a-skvele-vykony-dalsich-nasich","status":"publish","type":"post","link":"https:\/\/www.caths.cz\/wordpress\/bronz-jiriho-jezka-a-skvele-vykony-dalsich-nasich\/","title":{"rendered":"Bronz Ji\u0159\u00edho Je\u017eka a skv\u011bl\u00e9 v\u00fdkony dal\u0161\u00edch na\u0161ich"},"content":{"rendered":"<p align=\"justify\">\nDruh\u00fd den z\u00e1vod\u016f dr\u00e1hov\u00e9ho MS cyklist\u016f p\u0159inesl \u010desk\u00e9 v\u00fdprav\u011b dal\u0161\u00ed medaili. Ke v\u010derej\u0161\u00edmu sv\u011btov\u00e9mu titulu p\u0159idal bronz z 1km s pevn\u00fdm startem Ji\u0159\u00ed Je\u017eek, kdy\u017e podlehl jen fenomen\u00e1ln\u00edmu dom\u00e1c\u00edmu sprinterovi Cundymu a Rumunovi Novakovi.<\/p>\n<p align=\"justify\"> Ani dal\u0161\u00ed na\u0161i z\u00e1vodn\u00edci se dnes neztratili. Michal Stark obsadil \u010dtvrtou p\u0159\u00ed\u010dku v 1km s pevn\u00fdm startem, Radim Pavl\u00edk v kategorii LC1 dojel ve st\u00edhac\u00edm z\u00e1vod\u011b \u0161est\u00fd a tandem Moflar &#8211; Chyba, pro kter\u00fd je tento \u0161ampion\u00e1t premi\u00e9rov\u00fdm startem na &#8222;sv\u011btov\u00e9&#8220; dr\u00e1ze jeden\u00e1ct\u00fd.<\/p>\n<p> <img decoding=\"async\" src=\"\/wordpress\/image\/k_clankum\/ms_manchester2009_2 bronz.jpg\"><\/p>\n","protected":false},"excerpt":{"rendered":"<a href=\"https:\/\/www.caths.cz\/wordpress\/bronz-jiriho-jezka-a-skvele-vykony-dalsich-nasich\/\"><img loading=\"lazy\" decoding=\"async\" width=\"100\" height=\"100\" src=\"https:\/\/www.caths.cz\/wordpress\/wp-content\/plugins\/thumbnail-for-excerpts\/tfe_no_thumb.png\" class=\"alignleft wp-post-image tfe\" alt=\"\" title=\"\" \/><\/a><p>Druh\u00fd den z\u00e1vod\u016f dr\u00e1hov\u00e9ho MS cyklist\u016f p\u0159inesl \u010desk\u00e9 v\u00fdprav\u011b dal\u0161\u00ed medaili. Ke v\u010derej\u0161\u00edmu sv\u011btov\u00e9mu titulu p\u0159idal bronz z 1km s pevn\u00fdm startem Ji\u0159\u00ed Je\u017eek, kdy\u017e podlehl jen fenomen\u00e1ln\u00edmu dom\u00e1c\u00edmu sprinterovi [&hellip;]<\/p>\n","protected":false},"author":1,"featured_media":0,"comment_status":"closed","ping_status":"closed","sticky":false,"template":"","format":"standard","meta":{"ngg_post_thumbnail":0,"footnotes":""},"categories":[2],"tags":[],"class_list":["post-1201","post","type-post","status-publish","format-standard","hentry","category-cyklistika"],"_links":{"self":[{"href":"https:\/\/www.caths.cz\/wordpress\/wp-json\/wp\/v2\/posts\/1201","targetHints":{"allow":["GET"]}}],"collection":[{"href":"https:\/\/www.caths.cz\/wordpress\/wp-json\/wp\/v2\/posts"}],"about":[{"href":"https:\/\/www.caths.cz\/wordpress\/wp-json\/wp\/v2\/types\/post"}],"author":[{"embeddable":true,"href":"https:\/\/www.caths.cz\/wordpress\/wp-json\/wp\/v2\/users\/1"}],"replies":[{"embeddable":true,"href":"https:\/\/www.caths.cz\/wordpress\/wp-json\/wp\/v2\/comments?post=1201"}],"version-history":[{"count":0,"href":"https:\/\/www.caths.cz\/wordpress\/wp-json\/wp\/v2\/posts\/1201\/revisions"}],"wp:attachment":[{"href":"https:\/\/www.caths.cz\/wordpress\/wp-json\/wp\/v2\/media?parent=1201"}],"wp:term":[{"taxonomy":"category","embeddable":true,"href":"https:\/\/www.caths.cz\/wordpress\/wp-json\/wp\/v2\/categories?post=1201"},{"taxonomy":"post_tag","embeddable":true,"href":"https:\/\/www.caths.cz\/wordpress\/wp-json\/wp\/v2\/tags?post=1201"}],"curies":[{"name":"wp","href":"https:\/\/api.w.org\/{rel}","templated":true}]}}