{"id":1199,"date":"2009-11-07T00:35:52","date_gmt":"2009-11-06T23:35:52","guid":{"rendered":"http:\/\/www.caths.cz\/wordpress\/?p=1199"},"modified":"2009-11-07T00:35:52","modified_gmt":"2009-11-06T23:35:52","slug":"jiri-jezek-mistrem-sveta-ve-stihacim-zavode","status":"publish","type":"post","link":"https:\/\/www.caths.cz\/wordpress\/jiri-jezek-mistrem-sveta-ve-stihacim-zavode\/","title":{"rendered":"Ji\u0159\u00ed Je\u017eek mistrem sv\u011bta ve st\u00edhac\u00edm z\u00e1vod\u011b"},"content":{"rendered":"<p align=\"justify\">Ji\u0159\u00ed Je\u017eek ve fin\u00e1le st\u00edhac\u00edho z\u00e1vodu p\u0159edvedl op\u011bt skv\u011bl\u00fd  v\u00fdkon, kdy\u017e zv\u00edt\u011bzil v \u010dase 4:41,883. <br \/>Druh\u00fdm \u010desk\u00fdm medailistou prvn\u00edho dne je Michal Stark, kter\u00fd z\u00edskal v kategorii LC3 ve st\u00edha\u010dce bronz. Tom\u00e1\u0161 Kvasni\u010dka obsadil v discipl\u00edn\u011b kilometr s pevn\u00fdm startem po v\u00fdborn\u00e9m v\u00fdkonu \u010dtvrtou p\u0159\u00ed\u010dku.<\/p>\n","protected":false},"excerpt":{"rendered":"<a href=\"https:\/\/www.caths.cz\/wordpress\/jiri-jezek-mistrem-sveta-ve-stihacim-zavode\/\"><img loading=\"lazy\" decoding=\"async\" width=\"100\" height=\"100\" src=\"https:\/\/www.caths.cz\/wordpress\/wp-content\/plugins\/thumbnail-for-excerpts\/tfe_no_thumb.png\" class=\"alignleft wp-post-image tfe\" alt=\"\" title=\"\" \/><\/a><p>Ji\u0159\u00ed Je\u017eek ve fin\u00e1le st\u00edhac\u00edho z\u00e1vodu p\u0159edvedl op\u011bt skv\u011bl\u00fd v\u00fdkon, kdy\u017e zv\u00edt\u011bzil v \u010dase 4:41,883. Druh\u00fdm \u010desk\u00fdm medailistou prvn\u00edho dne je Michal Stark, kter\u00fd z\u00edskal v kategorii LC3 ve st\u00edha\u010dce [&hellip;]<\/p>\n","protected":false},"author":1,"featured_media":0,"comment_status":"closed","ping_status":"closed","sticky":false,"template":"","format":"standard","meta":{"ngg_post_thumbnail":0,"footnotes":""},"categories":[2],"tags":[],"class_list":["post-1199","post","type-post","status-publish","format-standard","hentry","category-cyklistika"],"_links":{"self":[{"href":"https:\/\/www.caths.cz\/wordpress\/wp-json\/wp\/v2\/posts\/1199","targetHints":{"allow":["GET"]}}],"collection":[{"href":"https:\/\/www.caths.cz\/wordpress\/wp-json\/wp\/v2\/posts"}],"about":[{"href":"https:\/\/www.caths.cz\/wordpress\/wp-json\/wp\/v2\/types\/post"}],"author":[{"embeddable":true,"href":"https:\/\/www.caths.cz\/wordpress\/wp-json\/wp\/v2\/users\/1"}],"replies":[{"embeddable":true,"href":"https:\/\/www.caths.cz\/wordpress\/wp-json\/wp\/v2\/comments?post=1199"}],"version-history":[{"count":0,"href":"https:\/\/www.caths.cz\/wordpress\/wp-json\/wp\/v2\/posts\/1199\/revisions"}],"wp:attachment":[{"href":"https:\/\/www.caths.cz\/wordpress\/wp-json\/wp\/v2\/media?parent=1199"}],"wp:term":[{"taxonomy":"category","embeddable":true,"href":"https:\/\/www.caths.cz\/wordpress\/wp-json\/wp\/v2\/categories?post=1199"},{"taxonomy":"post_tag","embeddable":true,"href":"https:\/\/www.caths.cz\/wordpress\/wp-json\/wp\/v2\/tags?post=1199"}],"curies":[{"name":"wp","href":"https:\/\/api.w.org\/{rel}","templated":true}]}}