{"id":1198,"date":"2009-11-06T15:54:08","date_gmt":"2009-11-06T14:54:08","guid":{"rendered":"http:\/\/www.caths.cz\/wordpress\/?p=1198"},"modified":"2009-11-06T15:54:08","modified_gmt":"2009-11-06T14:54:08","slug":"jiri-jezek-vytvoril-novy-svetovy-rekord","status":"publish","type":"post","link":"https:\/\/www.caths.cz\/wordpress\/jiri-jezek-vytvoril-novy-svetovy-rekord\/","title":{"rendered":"Ji\u0159\u00ed Je\u017eek vytvo\u0159il nov\u00fd sv\u011btov\u00fd rekord!!!"},"content":{"rendered":"<p align=\"justify\">\nJirka v dne\u0161n\u00edch kvalifikac\u00edch ve st\u00edhac\u00edm z\u00e1vod\u011b na 4 km p\u0159ekonal sv\u011btov\u00fd rekord o 2,656s fantastick\u00fdm \u010dasem 4:40,899!<br \/>\nO zlatou medaili se popere s Rumunem Eduardem Novakem dnes ve\u010der kolem 21:00.<br \/>\nDr\u017ete palce<\/p>\n<p><img decoding=\"async\" src=\"\/wordpress\/image\/k_clankum\/ms_manchester2009 188.jpg\"> <\/p>\n<p> <img decoding=\"async\" src=\"\/wordpress\/image\/k_clankum\/ms_manchester2009 197.jpg\"><\/p>\n","protected":false},"excerpt":{"rendered":"<a href=\"https:\/\/www.caths.cz\/wordpress\/jiri-jezek-vytvoril-novy-svetovy-rekord\/\"><img loading=\"lazy\" decoding=\"async\" width=\"100\" height=\"100\" src=\"https:\/\/www.caths.cz\/wordpress\/wp-content\/plugins\/thumbnail-for-excerpts\/tfe_no_thumb.png\" class=\"alignleft wp-post-image tfe\" alt=\"\" title=\"\" \/><\/a><p>Jirka v dne\u0161n\u00edch kvalifikac\u00edch ve st\u00edhac\u00edm z\u00e1vod\u011b na 4 km p\u0159ekonal sv\u011btov\u00fd rekord o 2,656s fantastick\u00fdm \u010dasem 4:40,899! O zlatou medaili se popere s Rumunem Eduardem Novakem dnes ve\u010der kolem [&hellip;]<\/p>\n","protected":false},"author":1,"featured_media":0,"comment_status":"closed","ping_status":"closed","sticky":false,"template":"","format":"standard","meta":{"ngg_post_thumbnail":0,"footnotes":""},"categories":[2],"tags":[],"class_list":["post-1198","post","type-post","status-publish","format-standard","hentry","category-cyklistika"],"_links":{"self":[{"href":"https:\/\/www.caths.cz\/wordpress\/wp-json\/wp\/v2\/posts\/1198","targetHints":{"allow":["GET"]}}],"collection":[{"href":"https:\/\/www.caths.cz\/wordpress\/wp-json\/wp\/v2\/posts"}],"about":[{"href":"https:\/\/www.caths.cz\/wordpress\/wp-json\/wp\/v2\/types\/post"}],"author":[{"embeddable":true,"href":"https:\/\/www.caths.cz\/wordpress\/wp-json\/wp\/v2\/users\/1"}],"replies":[{"embeddable":true,"href":"https:\/\/www.caths.cz\/wordpress\/wp-json\/wp\/v2\/comments?post=1198"}],"version-history":[{"count":0,"href":"https:\/\/www.caths.cz\/wordpress\/wp-json\/wp\/v2\/posts\/1198\/revisions"}],"wp:attachment":[{"href":"https:\/\/www.caths.cz\/wordpress\/wp-json\/wp\/v2\/media?parent=1198"}],"wp:term":[{"taxonomy":"category","embeddable":true,"href":"https:\/\/www.caths.cz\/wordpress\/wp-json\/wp\/v2\/categories?post=1198"},{"taxonomy":"post_tag","embeddable":true,"href":"https:\/\/www.caths.cz\/wordpress\/wp-json\/wp\/v2\/tags?post=1198"}],"curies":[{"name":"wp","href":"https:\/\/api.w.org\/{rel}","templated":true}]}}