{"id":1197,"date":"2009-11-06T12:56:45","date_gmt":"2009-11-06T11:56:45","guid":{"rendered":"http:\/\/www.caths.cz\/wordpress\/?p=1197"},"modified":"2009-11-06T12:56:45","modified_gmt":"2009-11-06T11:56:45","slug":"drahove-ms-cyklistu-prave-zacalo-oficialni-tiskovou-konferenci","status":"publish","type":"post","link":"https:\/\/www.caths.cz\/wordpress\/drahove-ms-cyklistu-prave-zacalo-oficialni-tiskovou-konferenci\/","title":{"rendered":"Dr\u00e1hov\u00e9 MS cyklist\u016f pr\u00e1v\u011b za\u010dalo ofici\u00e1ln\u00ed tiskovou konferenc\u00ed"},"content":{"rendered":"<p align=\"justify\">Dr\u00e1hov\u00e9 mistrovstv\u00ed sv\u011bta handicapovan\u00fdch cyklist\u016f, kter\u00e9 prob\u00edh\u00e1 ve dnech 6. a\u017e 8. listopadu v Manchesteru, bylo p\u0159ed n\u011bkolika minutami zah\u00e1jeno tiskovou konferenc\u00ed, kter\u00e9 se, krom\u011b z\u00e1stupc\u016f po\u0159adatel\u016f, z\u00fa\u010dastnili i Ji\u0159\u00ed Je\u017eek, nebo fenomen\u00e1ln\u00ed dom\u00e1c\u00ed sprinter Jody Cundy, Je\u017ek\u016fv soupe\u0159 v discipl\u00edn\u011b 1km s pevn\u00fdm startem.<\/p>\n<p><img decoding=\"async\" src=\"\/wordpress\/image\/k_clankum\/ms_manch09_tiskovka\/ms_manchester2009 017.jpg\"> <\/p>\n<p> <img decoding=\"async\" src=\"\/wordpress\/image\/k_clankum\/ms_manch09_tiskovka\/ms_manchester2009 022.jpg\"> <\/p>\n<p> <img decoding=\"async\" src=\"\/wordpress\/image\/k_clankum\/ms_manch09_tiskovka\/ms_manchester2009 041.jpg\"> <\/p>\n<p> <img decoding=\"async\" src=\"\/wordpress\/image\/k_clankum\/ms_manch09_tiskovka\/ms_manchester2009 050.jpg\"> <\/p>\n<p> <img decoding=\"async\" src=\"\/wordpress\/image\/k_clankum\/ms_manch09_tiskovka\/ms_manchester2009 066.jpg\"><\/p>\n","protected":false},"excerpt":{"rendered":"<a href=\"https:\/\/www.caths.cz\/wordpress\/drahove-ms-cyklistu-prave-zacalo-oficialni-tiskovou-konferenci\/\"><img loading=\"lazy\" decoding=\"async\" width=\"100\" height=\"100\" src=\"https:\/\/www.caths.cz\/wordpress\/wp-content\/plugins\/thumbnail-for-excerpts\/tfe_no_thumb.png\" class=\"alignleft wp-post-image tfe\" alt=\"\" title=\"\" \/><\/a><p>Dr\u00e1hov\u00e9 mistrovstv\u00ed sv\u011bta handicapovan\u00fdch cyklist\u016f, kter\u00e9 prob\u00edh\u00e1 ve dnech 6. a\u017e 8. listopadu v Manchesteru, bylo p\u0159ed n\u011bkolika minutami zah\u00e1jeno tiskovou konferenc\u00ed, kter\u00e9 se, krom\u011b z\u00e1stupc\u016f po\u0159adatel\u016f, z\u00fa\u010dastnili i Ji\u0159\u00ed [&hellip;]<\/p>\n","protected":false},"author":1,"featured_media":0,"comment_status":"closed","ping_status":"closed","sticky":false,"template":"","format":"standard","meta":{"ngg_post_thumbnail":0,"footnotes":""},"categories":[2],"tags":[],"class_list":["post-1197","post","type-post","status-publish","format-standard","hentry","category-cyklistika"],"_links":{"self":[{"href":"https:\/\/www.caths.cz\/wordpress\/wp-json\/wp\/v2\/posts\/1197","targetHints":{"allow":["GET"]}}],"collection":[{"href":"https:\/\/www.caths.cz\/wordpress\/wp-json\/wp\/v2\/posts"}],"about":[{"href":"https:\/\/www.caths.cz\/wordpress\/wp-json\/wp\/v2\/types\/post"}],"author":[{"embeddable":true,"href":"https:\/\/www.caths.cz\/wordpress\/wp-json\/wp\/v2\/users\/1"}],"replies":[{"embeddable":true,"href":"https:\/\/www.caths.cz\/wordpress\/wp-json\/wp\/v2\/comments?post=1197"}],"version-history":[{"count":0,"href":"https:\/\/www.caths.cz\/wordpress\/wp-json\/wp\/v2\/posts\/1197\/revisions"}],"wp:attachment":[{"href":"https:\/\/www.caths.cz\/wordpress\/wp-json\/wp\/v2\/media?parent=1197"}],"wp:term":[{"taxonomy":"category","embeddable":true,"href":"https:\/\/www.caths.cz\/wordpress\/wp-json\/wp\/v2\/categories?post=1197"},{"taxonomy":"post_tag","embeddable":true,"href":"https:\/\/www.caths.cz\/wordpress\/wp-json\/wp\/v2\/tags?post=1197"}],"curies":[{"name":"wp","href":"https:\/\/api.w.org\/{rel}","templated":true}]}}