{"id":1194,"date":"2009-11-02T13:49:35","date_gmt":"2009-11-02T12:49:35","guid":{"rendered":"http:\/\/www.caths.cz\/wordpress\/?p=1194"},"modified":"2009-11-02T13:49:35","modified_gmt":"2009-11-02T12:49:35","slug":"cyklisticka-reprezentace-v-utery-odleta-na-drahove-ms-v-manchesteru","status":"publish","type":"post","link":"https:\/\/www.caths.cz\/wordpress\/cyklisticka-reprezentace-v-utery-odleta-na-drahove-ms-v-manchesteru\/","title":{"rendered":"Cyklistick\u00e1 reprezentace v \u00fater\u00fd odl\u00e9t\u00e1 na dr\u00e1hov\u00e9 MS v Manchesteru"},"content":{"rendered":"<p align=\"justify\">\nMS v Manchesteru bude posledn\u00ed sout\u011b\u017e\u00ed, kter\u00e9 se z\u00e1vodn\u00edci z\u00fa\u010dastn\u00ed podle star\u00e9ho klasifika\u010dn\u00edho syst\u00e9mu. Od 1.1.2010 toti\u017e bude platit nov\u00fd klasifika\u010dn\u00ed model, ve kter\u00e9m budou kategorie CP zru\u0161eny a z\u00e1vodn\u00edci p\u0159erozd\u011bleni do 5 kategori\u00ed CB1 &#8211; 5.<\/p>\n<p align=\"justify\"><u> V\u00fdprava odl\u00e9t\u00e1 na MS ve slo\u017een\u00ed:<\/u><\/p>\n<p> Radim Pavl\u00edk, LC1 (1km, 4km, Team sprint) <br \/> Ji\u0159\u00ed Je\u017eek LC2 (1km, 4km, Team sprint) <br \/> Michal Stark LC3 (1km, 3km) <br \/> Tom\u00e1\u0161 Kvasni\u010dka CP3 (1km, Team sprint) <br \/> Marek Moflar &#8211; Ji\u0159\u00ed Chyba Tandem (1km, 4km) <\/p>\n<p> tren\u00e9r: Viktor Zapletal <\/p>\n<p> \u010casov\u00fd program MS <strong> <a href=\"http:\/\/new.britishcycling.org.uk\/paracycling-2009\/spectator-information\/article\/dis20091019-2010-Paracycling-World-Track-Championships-Competition-Schedule-0\"><font color=\"#0066CC\">zde <\/font><\/a><\/strong> <\/p>\n<p> <img decoding=\"async\" src=\"\/wordpress\/image\/k_clankum\/logo_ms_manchester.jpg\"><\/p>\n","protected":false},"excerpt":{"rendered":"<a href=\"https:\/\/www.caths.cz\/wordpress\/cyklisticka-reprezentace-v-utery-odleta-na-drahove-ms-v-manchesteru\/\"><img loading=\"lazy\" decoding=\"async\" width=\"100\" height=\"100\" src=\"https:\/\/www.caths.cz\/wordpress\/wp-content\/plugins\/thumbnail-for-excerpts\/tfe_no_thumb.png\" class=\"alignleft wp-post-image tfe\" alt=\"\" title=\"\" \/><\/a><p>MS v Manchesteru bude posledn\u00ed sout\u011b\u017e\u00ed, kter\u00e9 se z\u00e1vodn\u00edci z\u00fa\u010dastn\u00ed podle star\u00e9ho klasifika\u010dn\u00edho syst\u00e9mu. Od 1.1.2010 toti\u017e bude platit nov\u00fd klasifika\u010dn\u00ed model, ve kter\u00e9m budou kategorie CP zru\u0161eny a z\u00e1vodn\u00edci [&hellip;]<\/p>\n","protected":false},"author":1,"featured_media":0,"comment_status":"closed","ping_status":"closed","sticky":false,"template":"","format":"standard","meta":{"ngg_post_thumbnail":0,"footnotes":""},"categories":[2],"tags":[],"class_list":["post-1194","post","type-post","status-publish","format-standard","hentry","category-cyklistika"],"_links":{"self":[{"href":"https:\/\/www.caths.cz\/wordpress\/wp-json\/wp\/v2\/posts\/1194","targetHints":{"allow":["GET"]}}],"collection":[{"href":"https:\/\/www.caths.cz\/wordpress\/wp-json\/wp\/v2\/posts"}],"about":[{"href":"https:\/\/www.caths.cz\/wordpress\/wp-json\/wp\/v2\/types\/post"}],"author":[{"embeddable":true,"href":"https:\/\/www.caths.cz\/wordpress\/wp-json\/wp\/v2\/users\/1"}],"replies":[{"embeddable":true,"href":"https:\/\/www.caths.cz\/wordpress\/wp-json\/wp\/v2\/comments?post=1194"}],"version-history":[{"count":0,"href":"https:\/\/www.caths.cz\/wordpress\/wp-json\/wp\/v2\/posts\/1194\/revisions"}],"wp:attachment":[{"href":"https:\/\/www.caths.cz\/wordpress\/wp-json\/wp\/v2\/media?parent=1194"}],"wp:term":[{"taxonomy":"category","embeddable":true,"href":"https:\/\/www.caths.cz\/wordpress\/wp-json\/wp\/v2\/categories?post=1194"},{"taxonomy":"post_tag","embeddable":true,"href":"https:\/\/www.caths.cz\/wordpress\/wp-json\/wp\/v2\/tags?post=1194"}],"curies":[{"name":"wp","href":"https:\/\/api.w.org\/{rel}","templated":true}]}}