{"id":1191,"date":"2009-10-31T11:00:23","date_gmt":"2009-10-31T10:00:23","guid":{"rendered":"http:\/\/www.caths.cz\/wordpress\/?p=1191"},"modified":"2009-10-31T11:00:23","modified_gmt":"2009-10-31T10:00:23","slug":"soutez-jirky-jezka-sportlife-brno-2009","status":"publish","type":"post","link":"https:\/\/www.caths.cz\/wordpress\/soutez-jirky-jezka-sportlife-brno-2009\/","title":{"rendered":"Sout\u011b\u017e Jirky Je\u017eka &#8211; Sportlife Brno 2009"},"content":{"rendered":"<p align=\"justify\">\nVe dnech 5.-8.11.2009 prob\u011bhnou na brn\u011bnsk\u00e9m v\u00fdstavi\u0161ti BVV tradi\u010dn\u00ed sportovn\u00ed show SportLife a BikeBrno 2009. Ka\u017edoro\u010dn\u011b to byla p\u0159\u00edle\u017eitost pro fanou\u0161ky a p\u0159\u00e1tele Jirky Je\u017eka z\u00edskat jeho autogram, spole\u010dnou fotografii nebo si jen tak kr\u00e1tce s Jirkou popov\u00eddat. Proto\u017ee se Jirka leto\u0161n\u00edho ro\u010dn\u00edku nem\u016f\u017ee kv\u016fli z\u00e1vodn\u00edm povinnostem  z\u00fa\u010dastnit (MS v dr\u00e1hov\u00e9 cyklistice v Manchesteru), jeho realiza\u010dn\u00ed t\u00fdm pro v\u00e1s spolu s partnersk\u00fdmi firmami Jirky Je\u017eka p\u0159ipravil alespo\u0148 malou SOUT\u011a\u017d.<\/p>\n<p align=\"justify\"> V \u010dem sout\u011b\u017e spo\u010d\u00edv\u00e1? Je to jednoduch\u00e9. Nav\u0161tivte brn\u011bnsk\u00fd veletrh a nakupte n\u011bjakou drobnost, v\u00e1no\u010dn\u00ed d\u00e1rek, sportovn\u00ed vybaven\u00ed nebo t\u0159eba sportovn\u00ed potravinov\u00fd dopln\u011bk na st\u00e1nc\u00edch firem, kter\u00e9 jsou Jirkov\u00fdmi partnery. Do 15.11.2009 po\u0161lete naskenovan\u00e9 kopie t\u0159\u00ed paragon\u016f (doklad\u016f o koupi zbo\u017e\u00ed) jak\u00e9koli hodnoty na e-mail jezek.jiri@volny.cz a budete za\u0159azeni do slosov\u00e1n\u00ed o t\u0159i d\u00e1rkov\u00e9 bal\u00ed\u010dky se zbo\u017e\u00edm a p\u0159edm\u011bty n\u011bjak spojen\u00fdmi s Jirkou Je\u017ekem. T\u0159i v\u00edt\u011bzov\u00e9 budou p\u0159edstaveni v \u00fater\u00fd 17.11.2009 na ofici\u00e1ln\u00ed str\u00e1nce Jirky Je\u017eka www.jirijezek.cz. Pro lep\u0161\u00ed orientaci uv\u00e1d\u00edme seznam vystavovatel\u016f a jejich \u201eveletr\u017en\u00ed adresy \u2013 tedy pavilon a \u010d\u00edslo st\u00e1nku\u201c: NUTREND D.S. F 004, MOIRA CZ V 001, MOOSE F 018, CYKLO \u017dITN\u00dd V 016, KALAS Sportswear V 059, TUFO V 035. U\u017eijte si veletrhy a nezapome\u0148te sout\u011b\u017eit. Ceny od Jirky Je\u017eka budou st\u00e1t za to! <\/p>\n<p> <img decoding=\"async\" src=\"\/wordpress\/image\/k_clankum\/SL_s_datem_2009_1.jpg\"><\/p>\n","protected":false},"excerpt":{"rendered":"<a href=\"https:\/\/www.caths.cz\/wordpress\/soutez-jirky-jezka-sportlife-brno-2009\/\"><img loading=\"lazy\" decoding=\"async\" width=\"100\" height=\"100\" src=\"https:\/\/www.caths.cz\/wordpress\/wp-content\/plugins\/thumbnail-for-excerpts\/tfe_no_thumb.png\" class=\"alignleft wp-post-image tfe\" alt=\"\" title=\"\" \/><\/a><p>Ve dnech 5.-8.11.2009 prob\u011bhnou na brn\u011bnsk\u00e9m v\u00fdstavi\u0161ti BVV tradi\u010dn\u00ed sportovn\u00ed show SportLife a BikeBrno 2009. Ka\u017edoro\u010dn\u011b to byla p\u0159\u00edle\u017eitost pro fanou\u0161ky a p\u0159\u00e1tele Jirky Je\u017eka z\u00edskat jeho autogram, spole\u010dnou fotografii [&hellip;]<\/p>\n","protected":false},"author":1,"featured_media":0,"comment_status":"closed","ping_status":"closed","sticky":false,"template":"","format":"standard","meta":{"ngg_post_thumbnail":0,"footnotes":""},"categories":[2],"tags":[],"class_list":["post-1191","post","type-post","status-publish","format-standard","hentry","category-cyklistika"],"_links":{"self":[{"href":"https:\/\/www.caths.cz\/wordpress\/wp-json\/wp\/v2\/posts\/1191","targetHints":{"allow":["GET"]}}],"collection":[{"href":"https:\/\/www.caths.cz\/wordpress\/wp-json\/wp\/v2\/posts"}],"about":[{"href":"https:\/\/www.caths.cz\/wordpress\/wp-json\/wp\/v2\/types\/post"}],"author":[{"embeddable":true,"href":"https:\/\/www.caths.cz\/wordpress\/wp-json\/wp\/v2\/users\/1"}],"replies":[{"embeddable":true,"href":"https:\/\/www.caths.cz\/wordpress\/wp-json\/wp\/v2\/comments?post=1191"}],"version-history":[{"count":0,"href":"https:\/\/www.caths.cz\/wordpress\/wp-json\/wp\/v2\/posts\/1191\/revisions"}],"wp:attachment":[{"href":"https:\/\/www.caths.cz\/wordpress\/wp-json\/wp\/v2\/media?parent=1191"}],"wp:term":[{"taxonomy":"category","embeddable":true,"href":"https:\/\/www.caths.cz\/wordpress\/wp-json\/wp\/v2\/categories?post=1191"},{"taxonomy":"post_tag","embeddable":true,"href":"https:\/\/www.caths.cz\/wordpress\/wp-json\/wp\/v2\/tags?post=1191"}],"curies":[{"name":"wp","href":"https:\/\/api.w.org\/{rel}","templated":true}]}}