{"id":1174,"date":"2009-10-12T09:47:27","date_gmt":"2009-10-12T08:47:27","guid":{"rendered":"http:\/\/www.caths.cz\/wordpress\/?p=1174"},"modified":"2009-10-12T09:47:27","modified_gmt":"2009-10-12T08:47:27","slug":"jiri-jezek-prekonal-cesky-rekord-ve-stihacim-zavode","status":"publish","type":"post","link":"https:\/\/www.caths.cz\/wordpress\/jiri-jezek-prekonal-cesky-rekord-ve-stihacim-zavode\/","title":{"rendered":"Ji\u0159\u00ed Je\u017eek p\u0159ekonal \u010cesk\u00fd rekord ve st\u00edhac\u00edm z\u00e1vod\u011b"},"content":{"rendered":"<p align=\"justify\"> Dosavadn\u00ed rekord, kter\u00fd je z\u00e1rove\u0148 i rekordem paralympijsk\u00fdm Jirka zajel b\u011bhem lo\u0148sk\u00e9 paralympi\u00e1dy v Pekingu.<br \/> Nov\u00fd rekord \u010cesk\u00e9 republiky m\u00e1 tak hodnotu: 4:45:860. <\/p>\n<p> Foto: So\u0148a Je\u017ekov\u00e1<\/p>\n<p> <img decoding=\"async\" src=\"\/wordpress\/image\/k_clankum\/mcrmotol09\/IMG_9165.JPG\"><\/p>\n<p> <img decoding=\"async\" src=\"\/wordpress\/image\/k_clankum\/mcrmotol09\/IMG_9169.JPG\"><\/p>\n<p> <img decoding=\"async\" src=\"\/wordpress\/image\/k_clankum\/mcrmotol09\/IMG_9182.JPG\"><\/p>\n<p> <img decoding=\"async\" src=\"\/wordpress\/image\/k_clankum\/mcrmotol09\/IMG_9187.JPG\"><\/p>\n","protected":false},"excerpt":{"rendered":"<a href=\"https:\/\/www.caths.cz\/wordpress\/jiri-jezek-prekonal-cesky-rekord-ve-stihacim-zavode\/\"><img loading=\"lazy\" decoding=\"async\" width=\"100\" height=\"100\" src=\"https:\/\/www.caths.cz\/wordpress\/wp-content\/plugins\/thumbnail-for-excerpts\/tfe_no_thumb.png\" class=\"alignleft wp-post-image tfe\" alt=\"\" title=\"\" \/><\/a><p>Dosavadn\u00ed rekord, kter\u00fd je z\u00e1rove\u0148 i rekordem paralympijsk\u00fdm Jirka zajel b\u011bhem lo\u0148sk\u00e9 paralympi\u00e1dy v Pekingu. Nov\u00fd rekord \u010cesk\u00e9 republiky m\u00e1 tak hodnotu: 4:45:860. Foto: So\u0148a Je\u017ekov\u00e1<\/p>\n","protected":false},"author":1,"featured_media":0,"comment_status":"closed","ping_status":"closed","sticky":false,"template":"","format":"standard","meta":{"ngg_post_thumbnail":0,"footnotes":""},"categories":[2],"tags":[],"class_list":["post-1174","post","type-post","status-publish","format-standard","hentry","category-cyklistika"],"_links":{"self":[{"href":"https:\/\/www.caths.cz\/wordpress\/wp-json\/wp\/v2\/posts\/1174","targetHints":{"allow":["GET"]}}],"collection":[{"href":"https:\/\/www.caths.cz\/wordpress\/wp-json\/wp\/v2\/posts"}],"about":[{"href":"https:\/\/www.caths.cz\/wordpress\/wp-json\/wp\/v2\/types\/post"}],"author":[{"embeddable":true,"href":"https:\/\/www.caths.cz\/wordpress\/wp-json\/wp\/v2\/users\/1"}],"replies":[{"embeddable":true,"href":"https:\/\/www.caths.cz\/wordpress\/wp-json\/wp\/v2\/comments?post=1174"}],"version-history":[{"count":0,"href":"https:\/\/www.caths.cz\/wordpress\/wp-json\/wp\/v2\/posts\/1174\/revisions"}],"wp:attachment":[{"href":"https:\/\/www.caths.cz\/wordpress\/wp-json\/wp\/v2\/media?parent=1174"}],"wp:term":[{"taxonomy":"category","embeddable":true,"href":"https:\/\/www.caths.cz\/wordpress\/wp-json\/wp\/v2\/categories?post=1174"},{"taxonomy":"post_tag","embeddable":true,"href":"https:\/\/www.caths.cz\/wordpress\/wp-json\/wp\/v2\/tags?post=1174"}],"curies":[{"name":"wp","href":"https:\/\/api.w.org\/{rel}","templated":true}]}}