{"id":1171,"date":"2009-10-10T07:51:38","date_gmt":"2009-10-10T06:51:38","guid":{"rendered":"http:\/\/www.caths.cz\/wordpress\/?p=1171"},"modified":"2009-10-10T07:51:38","modified_gmt":"2009-10-10T06:51:38","slug":"reportaz-ceske-televize-z-ms-handicapovanych-cyklistu-v-bogognu","status":"publish","type":"post","link":"https:\/\/www.caths.cz\/wordpress\/reportaz-ceske-televize-z-ms-handicapovanych-cyklistu-v-bogognu\/","title":{"rendered":"Report\u00e1\u017e \u010cesk\u00e9 televize z MS handicapovan\u00fdch cyklist\u016f v Bogognu"},"content":{"rendered":"<p align=\"justify\">M\u016f\u017eete sledovat <a href=\"http:\/\/www.ceskatelevize.cz\/program\/10249581654-09.10.2009-22:00-4-ms-v-cyklistice-handicapovanych-2009-italie.html?online=1\"><font color=\"#0066CC\">ZDE <\/font><\/a><\/p>\n","protected":false},"excerpt":{"rendered":"<a href=\"https:\/\/www.caths.cz\/wordpress\/reportaz-ceske-televize-z-ms-handicapovanych-cyklistu-v-bogognu\/\"><img loading=\"lazy\" decoding=\"async\" width=\"100\" height=\"100\" src=\"https:\/\/www.caths.cz\/wordpress\/wp-content\/plugins\/thumbnail-for-excerpts\/tfe_no_thumb.png\" class=\"alignleft wp-post-image tfe\" alt=\"\" title=\"\" \/><\/a><p>M\u016f\u017eete sledovat ZDE<\/p>\n","protected":false},"author":1,"featured_media":0,"comment_status":"closed","ping_status":"closed","sticky":false,"template":"","format":"standard","meta":{"ngg_post_thumbnail":0,"footnotes":""},"categories":[2],"tags":[],"class_list":["post-1171","post","type-post","status-publish","format-standard","hentry","category-cyklistika"],"_links":{"self":[{"href":"https:\/\/www.caths.cz\/wordpress\/wp-json\/wp\/v2\/posts\/1171","targetHints":{"allow":["GET"]}}],"collection":[{"href":"https:\/\/www.caths.cz\/wordpress\/wp-json\/wp\/v2\/posts"}],"about":[{"href":"https:\/\/www.caths.cz\/wordpress\/wp-json\/wp\/v2\/types\/post"}],"author":[{"embeddable":true,"href":"https:\/\/www.caths.cz\/wordpress\/wp-json\/wp\/v2\/users\/1"}],"replies":[{"embeddable":true,"href":"https:\/\/www.caths.cz\/wordpress\/wp-json\/wp\/v2\/comments?post=1171"}],"version-history":[{"count":0,"href":"https:\/\/www.caths.cz\/wordpress\/wp-json\/wp\/v2\/posts\/1171\/revisions"}],"wp:attachment":[{"href":"https:\/\/www.caths.cz\/wordpress\/wp-json\/wp\/v2\/media?parent=1171"}],"wp:term":[{"taxonomy":"category","embeddable":true,"href":"https:\/\/www.caths.cz\/wordpress\/wp-json\/wp\/v2\/categories?post=1171"},{"taxonomy":"post_tag","embeddable":true,"href":"https:\/\/www.caths.cz\/wordpress\/wp-json\/wp\/v2\/tags?post=1171"}],"curies":[{"name":"wp","href":"https:\/\/api.w.org\/{rel}","templated":true}]}}