{"id":1165,"date":"2009-10-05T08:05:40","date_gmt":"2009-10-05T07:05:40","guid":{"rendered":"http:\/\/www.caths.cz\/wordpress\/?p=1165"},"modified":"2009-10-05T08:05:40","modified_gmt":"2009-10-05T07:05:40","slug":"cyklistika-handicapovanych-a-slavny-zavod-praha-karlovy-vary-praha","status":"publish","type":"post","link":"https:\/\/www.caths.cz\/wordpress\/cyklistika-handicapovanych-a-slavny-zavod-praha-karlovy-vary-praha\/","title":{"rendered":"Cyklistika handicapovan\u00fdch a slavn\u00fd z\u00e1vod Praha \u2013 Karlovy Vary &#8211; Praha"},"content":{"rendered":"<p align=\"justify\">\n<p>Mo\u017en\u00e1 to zn\u00ed nelogicky a na \u010desk\u00e9 pom\u011bry nezvykle, ale slavn\u00fd cyklistick\u00fd z\u00e1vod profesion\u00e1l\u016f Praha \u2013 Karlovy Vary \u2013 Praha a cyklistika handicapovan\u00fdch p\u0159edstavuj\u00ed velmi \u00fazce spolupracuj\u00edc\u00ed, dopl\u0148uj\u00edc\u00ed se a pom\u00e1haj\u00edc\u00ed si subjekty.<\/p>\n<p align=\"justify\"> Tato spolupr\u00e1ce, kter\u00e1 by mohla b\u00fdt p\u0159\u00edkladem ide\u00e1ln\u00edho integra\u010dn\u00edho procesu, potvrzuje zn\u00e1m\u00e9 a mnohokr\u00e1t vy\u0159\u010den\u00e9 pravidlo \u2013 \u201ecyklistika je jenom jedna\u201c. <\/p>\n<p> Spolupr\u00e1ce mana\u017eera z\u00e1vodu P-KV-P Lubora Tesa\u0159e s handicapovan\u00fdmi cyklisty za\u010dala p\u0159ed p\u00e1r lety. Tehdy Lubor vytvo\u0159il, pro z\u00e1vod \u010cesk\u00e9ho poh\u00e1ru, exhibi\u010dn\u00ed reprezenta\u010dn\u00ed t\u00fdm \u010cesk\u00e9 republiky, ve kter\u00e9m startovali takov\u00e9 osobnosti jako Pavel Padrnos, Tom\u00e1\u0161 Kone\u010dn\u00fd a dal\u0161\u00ed.<br \/> A do t\u00fdmu p\u0159izval i legendu cyklistiky handicapovan\u00fdch, n\u011bkolikan\u00e1sobn\u00e9ho paralympijsk\u00e9ho v\u00edt\u011bze a mistra sv\u011bta, Ji\u0159\u00edho Je\u017eka.<br \/> T\u00edm p\u00e1dem do\u0161lo i ke spolupr\u00e1ci s tren\u00e9rem Jirky, Viktorem Zapletalem, kter\u00fd je z\u00e1rove\u0148 reprezenta\u010dn\u00edm tren\u00e9rem \u010cesk\u00e9 republiky t\u011blesn\u011b a zrakov\u011b handicapovan\u00fdch cyklist\u016f.<\/p>\n<p> Pak u\u017e byl jen kr\u016f\u010dek k dohod\u011b Lubora Tesa\u0159e s Viktorem Zapletalem, vytvo\u0159it v Praze na Strahov\u011b spole\u010dn\u00fd projekt \u201eDne cyklistiky\u201c v r\u00e1mci z\u00e1vodu P-KV-P. <\/p>\n<p> Zku\u0161ebn\u00ed ro\u010dn\u00edk 2009 m\u00e1me za sebou a podle \u010detn\u00fdch ohlas\u016f se jedn\u00e1 o krok spr\u00e1vn\u00fdm sm\u011brem. Letos se v r\u00e1mci doprovodn\u00e9ho programu na Strahov\u011b jelo fin\u00e1le DURATEC \u010cesk\u00e9ho poh\u00e1ru tandem\u016f zrakov\u011b posti\u017een\u00fdch cyklist\u016f a exhibi\u010dn\u00ed z\u00e1vod handbike. <\/p>\n<p> Pro rok 2010 po\u0159adatel\u00e9 p\u0159ipravuj\u00ed opravdovou cyklistickou show. V r\u00e1mci doprovodn\u00e9ho programu z\u00e1vodu P-KV-P se toti\u017e uskute\u010dn\u00ed Evropsk\u00fd poh\u00e1r handicapovan\u00fdch cyklist\u016f za\u0159azen\u00fd do nejvy\u0161\u0161\u00ed kategorie UCI, P1. V Praze na Strahov\u011b tak p\u0159iv\u00edt\u00e1me z\u00e1vodn\u00edky absolutn\u00ed sv\u011btov\u00e9 \u0161pi\u010dky cyklistiky handicapovan\u00fdch v \u010dele s kompletn\u00edm reprezenta\u010dn\u00edm t\u00fdmem \u010cesk\u00e9 republiky, kter\u00e9mu v \u017eeb\u0159\u00ed\u010dku \u00fasp\u011b\u0161nosti n\u00e1rod\u016f p\u0159\u00edslu\u0161\u00ed vynikaj\u00edc\u00ed 4. m\u00edsto na sv\u011bt\u011b hned za t\u00fdmy Velk\u00e9 Brit\u00e1nie, \u0160pan\u011blska, N\u011bmecka a Francie. <\/p>\n<p> Jedn\u00e1 se o opravdu ob\u0159\u00ed podnik, je p\u0159edpoklad, \u017ee do Prahy p\u0159ijedou handicapovan\u00ed cyklist\u00e9 nejenom z Evropy, ale z cel\u00e9ho sv\u011bta, kte\u0159\u00ed budou bojovat o cenn\u00e9 body UCI pro nomina\u010dn\u00ed kv\u00f3tu pro paralympijsk\u00e9 hry v Lond\u00fdn\u011b 2012. <\/p>\n<p> Jen pro ilustraci: p\u0159edpokl\u00e1d\u00e1 se, \u017ee se z\u00e1vodu EP z\u00fa\u010dastn\u00ed 200 &#8211; 250 handicapovan\u00fdch cyklist\u016f, s nimi p\u0159ijede p\u0159ibli\u017en\u011b 150 \u010dlen\u016f realiza\u010dn\u00edch t\u00fdm\u016f a doprovod\u016f, k z\u00e1vodu budou p\u0159izv\u00e1ni 2 klasifik\u00e1to\u0159i, 5 ofici\u00e1ln\u00edch rozhod\u010d\u00edch UCI, technick\u00fd deleg\u00e1t UCI a 2 dopingov\u00ed komisa\u0159i, atd. <\/p>\n<p> Organiza\u010dn\u00ed zaji\u0161t\u011bn\u00ed, kter\u00e9 zahrnuje v\u0161e od prezentace, p\u0159\u00edjezdu, ubytov\u00e1n\u00ed, stravov\u00e1n\u00ed, propagace, atd. bude zaji\u0161\u0165ovat p\u0159ibli\u017en\u011b 20 \u010dlenn\u00fd realiza\u010dn\u00ed t\u00fdm \u010cesk\u00e9 asociace t\u011blesn\u011b handicapovan\u00fdch sportovc\u016f, kter\u00fd bude velmi \u00fazce spolupracovat s organiz\u00e1tory z\u00e1vodu P-KV-P.<\/p>\n<p> T\u011b\u0161\u00edme se s V\u00e1mi na setk\u00e1n\u00ed v Praze na Strahov\u011b 25.9.2010, p\u0159ij\u010fte podpo\u0159it nejlep\u0161\u00ed sv\u011btov\u00e9 handicapovan\u00e9 cyklisty! <\/p>\n<p> <img decoding=\"async\" src=\"\/wordpress\/image\/k_clankum\/vary3.jpg\"><\/p>\n","protected":false},"excerpt":{"rendered":"<a href=\"https:\/\/www.caths.cz\/wordpress\/cyklistika-handicapovanych-a-slavny-zavod-praha-karlovy-vary-praha\/\"><img loading=\"lazy\" decoding=\"async\" width=\"100\" height=\"100\" src=\"https:\/\/www.caths.cz\/wordpress\/wp-content\/plugins\/thumbnail-for-excerpts\/tfe_no_thumb.png\" class=\"alignleft wp-post-image tfe\" alt=\"\" title=\"\" \/><\/a><p>Mo\u017en\u00e1 to zn\u00ed nelogicky a na \u010desk\u00e9 pom\u011bry nezvykle, ale slavn\u00fd cyklistick\u00fd z\u00e1vod profesion\u00e1l\u016f Praha \u2013 Karlovy Vary \u2013 Praha a cyklistika handicapovan\u00fdch p\u0159edstavuj\u00ed velmi \u00fazce spolupracuj\u00edc\u00ed, dopl\u0148uj\u00edc\u00ed se a [&hellip;]<\/p>\n","protected":false},"author":1,"featured_media":0,"comment_status":"closed","ping_status":"closed","sticky":false,"template":"","format":"standard","meta":{"ngg_post_thumbnail":0,"footnotes":""},"categories":[2],"tags":[],"class_list":["post-1165","post","type-post","status-publish","format-standard","hentry","category-cyklistika"],"_links":{"self":[{"href":"https:\/\/www.caths.cz\/wordpress\/wp-json\/wp\/v2\/posts\/1165","targetHints":{"allow":["GET"]}}],"collection":[{"href":"https:\/\/www.caths.cz\/wordpress\/wp-json\/wp\/v2\/posts"}],"about":[{"href":"https:\/\/www.caths.cz\/wordpress\/wp-json\/wp\/v2\/types\/post"}],"author":[{"embeddable":true,"href":"https:\/\/www.caths.cz\/wordpress\/wp-json\/wp\/v2\/users\/1"}],"replies":[{"embeddable":true,"href":"https:\/\/www.caths.cz\/wordpress\/wp-json\/wp\/v2\/comments?post=1165"}],"version-history":[{"count":0,"href":"https:\/\/www.caths.cz\/wordpress\/wp-json\/wp\/v2\/posts\/1165\/revisions"}],"wp:attachment":[{"href":"https:\/\/www.caths.cz\/wordpress\/wp-json\/wp\/v2\/media?parent=1165"}],"wp:term":[{"taxonomy":"category","embeddable":true,"href":"https:\/\/www.caths.cz\/wordpress\/wp-json\/wp\/v2\/categories?post=1165"},{"taxonomy":"post_tag","embeddable":true,"href":"https:\/\/www.caths.cz\/wordpress\/wp-json\/wp\/v2\/tags?post=1165"}],"curies":[{"name":"wp","href":"https:\/\/api.w.org\/{rel}","templated":true}]}}