{"id":1163,"date":"2009-10-02T09:22:22","date_gmt":"2009-10-02T08:22:22","guid":{"rendered":"http:\/\/www.caths.cz\/wordpress\/?p=1163"},"modified":"2009-10-02T09:22:22","modified_gmt":"2009-10-02T08:22:22","slug":"cyklisticky-reprezentacni-tym-zahajil-spolecnou-pripravu-na-ms-v-manchesteru","status":"publish","type":"post","link":"https:\/\/www.caths.cz\/wordpress\/cyklisticky-reprezentacni-tym-zahajil-spolecnou-pripravu-na-ms-v-manchesteru\/","title":{"rendered":"Cyklistick\u00fd reprezenta\u010dn\u00ed t\u00fdm zah\u00e1jil spole\u010dnou p\u0159\u00edpravu na MS v Manchesteru"},"content":{"rendered":"<p align=\"justify\">\nP\u00e1r dn\u00ed po ukon\u010den\u00e9m silni\u010dn\u00edm MS v It\u00e1lii se na\u0161i cyklisti\u010dt\u00ed reprezentanti se\u0161li k prvn\u00edmu spole\u010dn\u00e9mu tr\u00e9ninku na dr\u00e1ze v Motole a zah\u00e1jili tak z\u00e1v\u011bre\u010dnou f\u00e1zi p\u0159\u00edpravy p\u0159ed bl\u00ed\u017e\u00edc\u00edm se dr\u00e1hov\u00fdm MS v Manchesteru.<\/p>\n<p align=\"justify\"> A\u017e do odletu (3.11.) se cyklist\u00e9 budou spole\u010dn\u011b p\u0159ipravovat v motolsk\u00e9 hale. <br \/> V ka\u017ed\u00e9m t\u00fddnu absolvuj\u00ed 3 n\u00e1ro\u010dn\u00e9 tr\u00e9ninky podle tr\u00e9ninkov\u00e9ho pl\u00e1nu a uvid\u00edme je i na dr\u00e1hov\u00e9m M\u010cR, kter\u00e9 se v Motole pojede v p\u00e1tek 9.10. <br \/>P\u0159\u00edpravu pon\u011bkud komplikuje nachlazen\u00ed Radima Pavl\u00edka a Jirky Chyby, zbytek t\u00fdmu je v po\u0159\u00e1dku. <\/p>\n<p> Foto: Sonja Je\u017ekov\u00e1<\/p>\n<p> <img decoding=\"async\" src=\"\/wordpress\/image\/k_clankum\/auto 001.jpg\"><\/p>\n<p> <img decoding=\"async\" src=\"\/wordpress\/image\/k_clankum\/auto 004.jpg\"><\/p>\n<p> <img decoding=\"async\" src=\"\/wordpress\/image\/k_clankum\/auto 008.jpg\"><\/p>\n<p> <img decoding=\"async\" src=\"\/wordpress\/image\/k_clankum\/auto 009.jpg\"><\/p>\n","protected":false},"excerpt":{"rendered":"<a href=\"https:\/\/www.caths.cz\/wordpress\/cyklisticky-reprezentacni-tym-zahajil-spolecnou-pripravu-na-ms-v-manchesteru\/\"><img loading=\"lazy\" decoding=\"async\" width=\"100\" height=\"100\" src=\"https:\/\/www.caths.cz\/wordpress\/wp-content\/plugins\/thumbnail-for-excerpts\/tfe_no_thumb.png\" class=\"alignleft wp-post-image tfe\" alt=\"\" title=\"\" \/><\/a><p>P\u00e1r dn\u00ed po ukon\u010den\u00e9m silni\u010dn\u00edm MS v It\u00e1lii se na\u0161i cyklisti\u010dt\u00ed reprezentanti se\u0161li k prvn\u00edmu spole\u010dn\u00e9mu tr\u00e9ninku na dr\u00e1ze v Motole a zah\u00e1jili tak z\u00e1v\u011bre\u010dnou f\u00e1zi p\u0159\u00edpravy p\u0159ed bl\u00ed\u017e\u00edc\u00edm se [&hellip;]<\/p>\n","protected":false},"author":1,"featured_media":0,"comment_status":"closed","ping_status":"closed","sticky":false,"template":"","format":"standard","meta":{"ngg_post_thumbnail":0,"footnotes":""},"categories":[2],"tags":[],"class_list":["post-1163","post","type-post","status-publish","format-standard","hentry","category-cyklistika"],"_links":{"self":[{"href":"https:\/\/www.caths.cz\/wordpress\/wp-json\/wp\/v2\/posts\/1163","targetHints":{"allow":["GET"]}}],"collection":[{"href":"https:\/\/www.caths.cz\/wordpress\/wp-json\/wp\/v2\/posts"}],"about":[{"href":"https:\/\/www.caths.cz\/wordpress\/wp-json\/wp\/v2\/types\/post"}],"author":[{"embeddable":true,"href":"https:\/\/www.caths.cz\/wordpress\/wp-json\/wp\/v2\/users\/1"}],"replies":[{"embeddable":true,"href":"https:\/\/www.caths.cz\/wordpress\/wp-json\/wp\/v2\/comments?post=1163"}],"version-history":[{"count":0,"href":"https:\/\/www.caths.cz\/wordpress\/wp-json\/wp\/v2\/posts\/1163\/revisions"}],"wp:attachment":[{"href":"https:\/\/www.caths.cz\/wordpress\/wp-json\/wp\/v2\/media?parent=1163"}],"wp:term":[{"taxonomy":"category","embeddable":true,"href":"https:\/\/www.caths.cz\/wordpress\/wp-json\/wp\/v2\/categories?post=1163"},{"taxonomy":"post_tag","embeddable":true,"href":"https:\/\/www.caths.cz\/wordpress\/wp-json\/wp\/v2\/tags?post=1163"}],"curies":[{"name":"wp","href":"https:\/\/api.w.org\/{rel}","templated":true}]}}