{"id":1154,"date":"2009-09-15T23:49:11","date_gmt":"2009-09-15T22:49:11","guid":{"rendered":"http:\/\/www.caths.cz\/wordpress\/?p=1154"},"modified":"2009-09-15T23:49:11","modified_gmt":"2009-09-15T22:49:11","slug":"pozvanka-na-zavod-praha-karlovy-vary-praha","status":"publish","type":"post","link":"https:\/\/www.caths.cz\/wordpress\/pozvanka-na-zavod-praha-karlovy-vary-praha\/","title":{"rendered":"Pozv\u00e1nka na z\u00e1vod Praha &#8211; karlovy Vary &#8211; Praha"},"content":{"rendered":"<p align=\"justify\">\n<p>V\u00e1\u017een\u00e9 d\u00e1my, v\u00e1\u017een\u00ed p\u00e1nov\u00e9,<br \/>\nr\u00e1di bychom V\u00e1s jm\u00e9nem spolku Neum\u011btel a SK Handicapovan\u00fdch cyklist\u016f Praha pozvali na z\u00e1vod Praha &#8211; Karlovy Vary &#8211; Praha dne 19.9.2009 a jeho doprovodn\u00fd program konan\u00fd v ulici Z\u00e1topkova na Strahov\u011b.<\/p>\n<p>V\u00edce naleznete v pozv\u00e1nce  <\/p>\n<p><strong><a href=\"storage\/cyklistika\/PKVP pozvanka na zavod 09 verze 2.indd(2).pdf\"><font face=\"Trebuchet MS\" size=\"2\">  zde<\/strong><\/font><\/a><\/p>\n","protected":false},"excerpt":{"rendered":"<a href=\"https:\/\/www.caths.cz\/wordpress\/pozvanka-na-zavod-praha-karlovy-vary-praha\/\"><img loading=\"lazy\" decoding=\"async\" width=\"100\" height=\"100\" src=\"https:\/\/www.caths.cz\/wordpress\/wp-content\/plugins\/thumbnail-for-excerpts\/tfe_no_thumb.png\" class=\"alignleft wp-post-image tfe\" alt=\"\" title=\"\" \/><\/a><p>V\u00e1\u017een\u00e9 d\u00e1my, v\u00e1\u017een\u00ed p\u00e1nov\u00e9, r\u00e1di bychom V\u00e1s jm\u00e9nem spolku Neum\u011btel a SK Handicapovan\u00fdch cyklist\u016f Praha pozvali na z\u00e1vod Praha &#8211; Karlovy Vary &#8211; Praha dne 19.9.2009 a jeho doprovodn\u00fd program [&hellip;]<\/p>\n","protected":false},"author":1,"featured_media":0,"comment_status":"closed","ping_status":"closed","sticky":false,"template":"","format":"standard","meta":{"ngg_post_thumbnail":0,"footnotes":""},"categories":[2],"tags":[],"class_list":["post-1154","post","type-post","status-publish","format-standard","hentry","category-cyklistika"],"_links":{"self":[{"href":"https:\/\/www.caths.cz\/wordpress\/wp-json\/wp\/v2\/posts\/1154","targetHints":{"allow":["GET"]}}],"collection":[{"href":"https:\/\/www.caths.cz\/wordpress\/wp-json\/wp\/v2\/posts"}],"about":[{"href":"https:\/\/www.caths.cz\/wordpress\/wp-json\/wp\/v2\/types\/post"}],"author":[{"embeddable":true,"href":"https:\/\/www.caths.cz\/wordpress\/wp-json\/wp\/v2\/users\/1"}],"replies":[{"embeddable":true,"href":"https:\/\/www.caths.cz\/wordpress\/wp-json\/wp\/v2\/comments?post=1154"}],"version-history":[{"count":0,"href":"https:\/\/www.caths.cz\/wordpress\/wp-json\/wp\/v2\/posts\/1154\/revisions"}],"wp:attachment":[{"href":"https:\/\/www.caths.cz\/wordpress\/wp-json\/wp\/v2\/media?parent=1154"}],"wp:term":[{"taxonomy":"category","embeddable":true,"href":"https:\/\/www.caths.cz\/wordpress\/wp-json\/wp\/v2\/categories?post=1154"},{"taxonomy":"post_tag","embeddable":true,"href":"https:\/\/www.caths.cz\/wordpress\/wp-json\/wp\/v2\/tags?post=1154"}],"curies":[{"name":"wp","href":"https:\/\/api.w.org\/{rel}","templated":true}]}}