{"id":1138,"date":"2009-09-06T15:25:22","date_gmt":"2009-09-06T14:25:22","guid":{"rendered":"http:\/\/www.caths.cz\/wordpress\/?p=1138"},"modified":"2009-09-06T15:25:22","modified_gmt":"2009-09-06T14:25:22","slug":"dnes-na-plovarne-s-jirim-jezkem","status":"publish","type":"post","link":"https:\/\/www.caths.cz\/wordpress\/dnes-na-plovarne-s-jirim-jezkem\/","title":{"rendered":"Dnes Na plov\u00e1rn\u011b s Ji\u0159\u00edm Je\u017ekem"},"content":{"rendered":"<p align=\"justify\">Hostem Marka Ebena v obl\u00edben\u00e9m po\u0159adu \u010cesk\u00e9 televize Na plov\u00e1rn\u011b byl tentokr\u00e1t paralympijsk\u00fd v\u00edt\u011bz a mistr sv\u011bta v cyklistice Ji\u0159\u00ed Je\u017eek.<br \/>\nZ\u00e1znam m\u016f\u017eete sledovat v archivu \u010cT <a href=\"http:\/\/www.ceskatelevize.cz\/ivysilani\/209522160100007-na-plovarne\/\"><font color=\"#0066CC\">ZDE <\/font><\/a>\n<\/p>\n<p><img decoding=\"async\" src=\"\/wordpress\/image\/k_clankum\/plovarna.jpg\"><br \/> foto:www.ceskatelevize.cz<\/p>\n","protected":false},"excerpt":{"rendered":"<a href=\"https:\/\/www.caths.cz\/wordpress\/dnes-na-plovarne-s-jirim-jezkem\/\"><img loading=\"lazy\" decoding=\"async\" width=\"100\" height=\"100\" src=\"https:\/\/www.caths.cz\/wordpress\/wp-content\/plugins\/thumbnail-for-excerpts\/tfe_no_thumb.png\" class=\"alignleft wp-post-image tfe\" alt=\"\" title=\"\" \/><\/a><p>Hostem Marka Ebena v obl\u00edben\u00e9m po\u0159adu \u010cesk\u00e9 televize Na plov\u00e1rn\u011b byl tentokr\u00e1t paralympijsk\u00fd v\u00edt\u011bz a mistr sv\u011bta v cyklistice Ji\u0159\u00ed Je\u017eek. Z\u00e1znam m\u016f\u017eete sledovat v archivu \u010cT ZDE foto:www.ceskatelevize.cz<\/p>\n","protected":false},"author":1,"featured_media":0,"comment_status":"closed","ping_status":"closed","sticky":false,"template":"","format":"standard","meta":{"ngg_post_thumbnail":0,"footnotes":""},"categories":[2],"tags":[],"class_list":["post-1138","post","type-post","status-publish","format-standard","hentry","category-cyklistika"],"_links":{"self":[{"href":"https:\/\/www.caths.cz\/wordpress\/wp-json\/wp\/v2\/posts\/1138","targetHints":{"allow":["GET"]}}],"collection":[{"href":"https:\/\/www.caths.cz\/wordpress\/wp-json\/wp\/v2\/posts"}],"about":[{"href":"https:\/\/www.caths.cz\/wordpress\/wp-json\/wp\/v2\/types\/post"}],"author":[{"embeddable":true,"href":"https:\/\/www.caths.cz\/wordpress\/wp-json\/wp\/v2\/users\/1"}],"replies":[{"embeddable":true,"href":"https:\/\/www.caths.cz\/wordpress\/wp-json\/wp\/v2\/comments?post=1138"}],"version-history":[{"count":0,"href":"https:\/\/www.caths.cz\/wordpress\/wp-json\/wp\/v2\/posts\/1138\/revisions"}],"wp:attachment":[{"href":"https:\/\/www.caths.cz\/wordpress\/wp-json\/wp\/v2\/media?parent=1138"}],"wp:term":[{"taxonomy":"category","embeddable":true,"href":"https:\/\/www.caths.cz\/wordpress\/wp-json\/wp\/v2\/categories?post=1138"},{"taxonomy":"post_tag","embeddable":true,"href":"https:\/\/www.caths.cz\/wordpress\/wp-json\/wp\/v2\/tags?post=1138"}],"curies":[{"name":"wp","href":"https:\/\/api.w.org\/{rel}","templated":true}]}}