{"id":1132,"date":"2009-08-25T16:24:44","date_gmt":"2009-08-25T15:24:44","guid":{"rendered":"http:\/\/www.caths.cz\/wordpress\/?p=1132"},"modified":"2009-08-25T16:24:44","modified_gmt":"2009-08-25T15:24:44","slug":"jirijezek-slavnostne-pokrtil-sve-nove-kolo-pro-nadchazejici-ms","status":"publish","type":"post","link":"https:\/\/www.caths.cz\/wordpress\/jirijezek-slavnostne-pokrtil-sve-nove-kolo-pro-nadchazejici-ms\/","title":{"rendered":"Ji\u0159\u00edJe\u017eek slavnostn\u011b pok\u0159til sv\u00e9 nov\u00e9 kolo pro nadch\u00e1zej\u00edc\u00ed MS"},"content":{"rendered":"<p align=\"justify\">Dnes, 25. 8. 2009, se v prostor\u00e1ch hotelu InterContinental Praha uskute\u010dnil ofici\u00e1ln\u00ed k\u0159est nov\u00e9ho z\u00e1vodn\u00edho kola paralympijsk\u00e9ho v\u00edt\u011bze a n\u011bkolikan\u00e1sobn\u00e9ho mistra sv\u011bta Ji\u0159\u00edho Je\u017eka. <\/p>\n<p align=\"justify\"> Unik\u00e1tn\u00ed z\u00e1vodn\u00ed kolo DURATEC Cult R3 bylo vyrobeno speci\u00e1ln\u00ed technologi\u00ed vyvinutou spole\u010dnost\u00ed DURATEC za podpory rozvojov\u00fdch fond\u016f EU. V\u00fdjime\u010dn\u00e9 z\u00e1vodn\u00ed kolo, kter\u00e9 bude m\u00edt svou sv\u011btovou premi\u00e9ru na z\u00e1\u0159ijov\u00e9m Mistrovstv\u00ed sv\u011bta v silni\u010dn\u00ed cyklistice hendikepovan\u00fdch v It\u00e1lii, pok\u0159tili Prim\u00e1tor hlavn\u00edho m\u011bsta Prahy Pavel B\u00e9m, \u0159editelka poji\u0161\u0165ovny D.A.S. Jitka Chizzola a \u0159editelka firmy DURATEC Kate\u0159ina Duchkov\u00e1. V\u0161ichni pop\u0159\u00e1li Ji\u0159\u00edmu Je\u017ekovi hodn\u011b \u0161t\u011bst\u00ed a \u00fasp\u011bch\u016f v sedle nov\u00e9ho &#8222;o\u0159e&#8220;.<\/p>\n<p> Foto: Jan Kolman<\/p>\n<p> <img decoding=\"async\" src=\"\/wordpress\/image\/k_clankum\/duratec\/IMG_9494.jpg\"><\/p>\n<p> <img decoding=\"async\" src=\"\/wordpress\/image\/k_clankum\/duratec\/IMG_9459.jpg\"><\/p>\n<p> <img decoding=\"async\" src=\"\/wordpress\/image\/k_clankum\/duratec\/IMG_9602.jpg\"><\/p>\n<p> <img decoding=\"async\" src=\"\/wordpress\/image\/k_clankum\/duratec\/IMG_9637.jpg\"><\/p>\n<p> <img decoding=\"async\" src=\"\/wordpress\/image\/k_clankum\/duratec\/IMG_9712.jpg\"><\/p>\n<p> <img decoding=\"async\" src=\"\/wordpress\/image\/k_clankum\/duratec\/IMG_9771.jpg\"><\/p>\n","protected":false},"excerpt":{"rendered":"<a href=\"https:\/\/www.caths.cz\/wordpress\/jirijezek-slavnostne-pokrtil-sve-nove-kolo-pro-nadchazejici-ms\/\"><img loading=\"lazy\" decoding=\"async\" width=\"100\" height=\"100\" src=\"https:\/\/www.caths.cz\/wordpress\/wp-content\/plugins\/thumbnail-for-excerpts\/tfe_no_thumb.png\" class=\"alignleft wp-post-image tfe\" alt=\"\" title=\"\" \/><\/a><p>Dnes, 25. 8. 2009, se v prostor\u00e1ch hotelu InterContinental Praha uskute\u010dnil ofici\u00e1ln\u00ed k\u0159est nov\u00e9ho z\u00e1vodn\u00edho kola paralympijsk\u00e9ho v\u00edt\u011bze a n\u011bkolikan\u00e1sobn\u00e9ho mistra sv\u011bta Ji\u0159\u00edho Je\u017eka. Unik\u00e1tn\u00ed z\u00e1vodn\u00ed kolo DURATEC Cult R3 [&hellip;]<\/p>\n","protected":false},"author":1,"featured_media":0,"comment_status":"closed","ping_status":"closed","sticky":false,"template":"","format":"standard","meta":{"ngg_post_thumbnail":0,"footnotes":""},"categories":[2],"tags":[],"class_list":["post-1132","post","type-post","status-publish","format-standard","hentry","category-cyklistika"],"_links":{"self":[{"href":"https:\/\/www.caths.cz\/wordpress\/wp-json\/wp\/v2\/posts\/1132","targetHints":{"allow":["GET"]}}],"collection":[{"href":"https:\/\/www.caths.cz\/wordpress\/wp-json\/wp\/v2\/posts"}],"about":[{"href":"https:\/\/www.caths.cz\/wordpress\/wp-json\/wp\/v2\/types\/post"}],"author":[{"embeddable":true,"href":"https:\/\/www.caths.cz\/wordpress\/wp-json\/wp\/v2\/users\/1"}],"replies":[{"embeddable":true,"href":"https:\/\/www.caths.cz\/wordpress\/wp-json\/wp\/v2\/comments?post=1132"}],"version-history":[{"count":0,"href":"https:\/\/www.caths.cz\/wordpress\/wp-json\/wp\/v2\/posts\/1132\/revisions"}],"wp:attachment":[{"href":"https:\/\/www.caths.cz\/wordpress\/wp-json\/wp\/v2\/media?parent=1132"}],"wp:term":[{"taxonomy":"category","embeddable":true,"href":"https:\/\/www.caths.cz\/wordpress\/wp-json\/wp\/v2\/categories?post=1132"},{"taxonomy":"post_tag","embeddable":true,"href":"https:\/\/www.caths.cz\/wordpress\/wp-json\/wp\/v2\/tags?post=1132"}],"curies":[{"name":"wp","href":"https:\/\/api.w.org\/{rel}","templated":true}]}}