{"id":1129,"date":"2009-08-25T10:36:50","date_gmt":"2009-08-25T09:36:50","guid":{"rendered":"http:\/\/www.caths.cz\/wordpress\/?p=1129"},"modified":"2009-08-25T10:36:50","modified_gmt":"2009-08-25T09:36:50","slug":"pojed-s-nami-mistrovstvi-ceske-republiky-v-cyklisticke-trojkombinaci","status":"publish","type":"post","link":"https:\/\/www.caths.cz\/wordpress\/pojed-s-nami-mistrovstvi-ceske-republiky-v-cyklisticke-trojkombinaci\/","title":{"rendered":"Poje\u010f s n\u00e1mi &#8211; Mistrovstv\u00ed \u010cesk\u00e9 republiky v cyklistick\u00e9 trojkombinaci"},"content":{"rendered":"<p align=\"justify\">Zveme v\u0161echny p\u0159\u00edznivce cyklistiky na z\u00e1vod v cyklistick\u00e9 trojkombinaci, kter\u00e1 bude z\u00e1rove\u0148 i ofici\u00e1ln\u00edm M\u010cR v t\u00e9to discipl\u00edn\u011b.<\/p>\n<p align=\"justify\"> <strong> Zaj\u00edmav\u00e9 pro v\u0161echny \u00fa\u010dastn\u00edky a div\u00e1ky jist\u011b bude i skute\u010dnost, \u017ee na startu silni\u010dn\u00ed \u010dasovky a silni\u010dn\u00edho z\u00e1vodu uvid\u00edme kompletn\u00ed reprezenta\u010dn\u00ed t\u00fdm \u010cR v \u010dele s Ji\u0159\u00edm Je\u017ekem. Na\u0161i reprezentanti z\u00e1vod absolvuj\u00ed v r\u00e1mci p\u0159\u00edpravn\u00e9ho tr\u00e9ninkov\u00e9ho pl\u00e1nu p\u0159ed bl\u00ed\u017e\u00edc\u00edm se MS v It\u00e1lii.<\/p>\n<p> Pozor &#8211; z\u00e1vod je samoz\u0159ejm\u011b p\u0159\u00edstupn\u00fd i pro kategorie HANDBIKE!<\/strong><\/p>\n<p> V\u00e1\u017een\u00ed sportovn\u00ed p\u0159\u00e1tel\u00e9,<\/p>\n<p> zdrav\u00edme v\u00e1s ze s\u00eddla Povltavsk\u00e9ho sportovn\u00edho klubu DA-BA, a jak jsme v\u00e1m sl\u00edbili, pos\u00edl\u00e1me v\u00e1m pokyny k fin\u00e1le mistrovstv\u00ed \u010cesk\u00e9 republiky v cyklistick\u00e9 trojkombinaci a jeho r\u00e1mcov\u00fdm z\u00e1vod\u016fm.<\/p>\n<p> \u0160ampion\u00e1t prob\u011bhne v ned\u011bli 30. srpna 2009 v okol\u00ed vesni\u010dky Suchdol, m\u00edstn\u00ed \u010d\u00e1sti obce Prosenick\u00e1 Lhota na Sedl\u010dansku a bude se skl\u00e1dat z \u010dasovky jednotlivc\u016f, z\u00e1vodu na horsk\u00fdch kolech a silni\u010dn\u00edho z\u00e1vodu se spole\u010dn\u00fdm startem.<\/p>\n<p> \u010casovka jednotlivc\u016f bude odstartov\u00e1na v Klim\u011btic\u00edch, odkud se pojede severn\u00edm sm\u011brem p\u0159es k\u0159i\u017eovatku Sedle\u010dko a ves Hod\u011btice k obr\u00e1tce, kter\u00e1 se bude nach\u00e1zet na vrcholu stoup\u00e1n\u00ed. Po n\u00e1vratu do Klim\u011btic odbo\u010d\u00ed z\u00e1vodn\u00edci kolem autobusov\u00e9 \u010dek\u00e1rny vpravo a pojedou do c\u00edle u m\u00edstn\u00ed tabule Suchdol. \u010casovka m\u011b\u0159\u00ed 7,7 km a je pro v\u0161echny startuj\u00edc\u00ed stejn\u011b dlouh\u00e1.<\/p>\n<p> Do z\u00e1vodu horsk\u00fdch kol odstartuj\u00ed cyklist\u00e9 na n\u00e1vsi v Suchdole a k vlastn\u00edmu okruhu dojedou po silni\u010dn\u00edm n\u00e1jezdu dlouh\u00e9m osm set metr\u016f. Okruh ve sv\u00e9 prvn\u00ed \u010d\u00e1sti kop\u00edruje tra\u0165 zn\u00e1m\u00e9ho silni\u010dn\u00edho z\u00e1vodu, p\u0159i\u010dem\u017e prvn\u00edch 800 m vede po louce a poln\u00ed cest\u011b. Pot\u00e9 se jede po silnici, nejprve necel\u00fdch sedm set metr\u016f k m\u00edstu startu \u010dasovky a pak dol\u016f z kopce kolem rybn\u00edka. Hned za rybn\u00edkem se vj\u00ed\u017ed\u00ed na poln\u00ed cestu, po n\u00ed\u017e se jede skoro a\u017e do Prosenick\u00e9 Lhoty. U rybn\u00edka Jelito se tra\u0165 obloukem st\u00e1\u010d\u00ed vpravo a po poln\u00ed cest\u011b vede \u010dlenit\u00fdm ter\u00e9nem k c\u00edli. Okruh je dlouh\u00fd 5,2 km. Kategorie \u017e\u00e1k\u016f (M14) pojede dva okruhy, tj. 11,2 km. Dorostenci, veter\u00e1ni a mu\u017ei hobby (M18, M99 a M39\/99H) pojedou t\u0159i okruhy, tj. 16,4 km. Elitn\u00ed mu\u017ei (M39) budou m\u00edt tra\u0165 dlouhou 21,6 km, \u010dili pojedou \u010dty\u0159i okruhy.<\/p>\n<p> Silni\u010dn\u00ed z\u00e1vod se pojede na Suchdolsk\u00e9m okruhu (9,8 km) se startem a c\u00edlem v Suchdole. Kategorie M14 pojede dva okruhy, tj. 19,6 km. Kategorie M18, M99 a M39\/99H pojedou t\u0159i okruhy, tj. 29,4 km. Kategorie M39 bude m\u00edt z\u00e1vod 39,2 km dlouh\u00fd, tj. \u010dty\u0159i okruhy.<\/p>\n<p> Startovn\u00ed \u010d\u00edsla se budou vyd\u00e1vat v den kon\u00e1n\u00ed z\u00e1vodu v dob\u011b od 10:00 do 10:15 h na suchdolsk\u00e9 n\u00e1vsi. Z\u00e1vodn\u00edci v r\u00e1mcov\u00fdch z\u00e1vodech a ti z \u00fa\u010dastn\u00edk\u016f M-\u010cR, kte\u0159\u00ed si dohodli mo\u017enost zaplatit startovn\u00e9 a\u017e p\u0159i prezentaci, provedou jeho \u00fahradu. Startovn\u00e9 \u010din\u00ed 300,- K\u010d pro \u00fa\u010dastn\u00edky \u0161ampion\u00e1tu a 200,- K\u010d pro \u00fa\u010dastn\u00edky r\u00e1mcov\u00fdch z\u00e1vod\u016f. Sou\u010d\u00e1st\u00ed startovn\u00e9ho na M-\u010cR je t\u00e9\u017e ob\u010derstven\u00ed. Startuj\u00edc\u00ed v r\u00e1mcov\u00fdch z\u00e1vodech si budou moci drobn\u00e9 ob\u010derstven\u00ed zakoupit v kancel\u00e1\u0159i z\u00e1vodu.<\/p>\n<p> P\u0159ipom\u00edn\u00e1me, \u017ee \u00fa\u010dastn\u00edci r\u00e1mcov\u00fdch z\u00e1vod\u016f nejsou povinni absolvovat bikovou \u010d\u00e1st M-\u010cR.<\/p>\n<p> Ka\u017ed\u00fd startuj\u00edc\u00ed obdr\u017e\u00ed \u010dty\u0159i startovn\u00ed \u010d\u00edsla, z nich\u017e t\u0159i slou\u017e\u00ed k um\u00edst\u011bn\u00ed na \u0159id\u00edtka jeho kol p\u0159i v\u0161ech t\u0159ech \u010d\u00e1stech \u0161ampion\u00e1tu. Z\u00e1dov\u00e9 \u010d\u00edslo se pou\u017eije p\u0159i z\u00e1v\u011bre\u010dn\u00e9m silni\u010dn\u00edm z\u00e1vod\u011b. Startovn\u00ed \u010d\u00edsla, kter\u00e1 jsou pro ka\u017ed\u00e9ho z\u00e1vodn\u00edka stejn\u00e1 pro v\u0161echny t\u0159i \u010d\u00e1sti M-\u010cR, vyjad\u0159uj\u00ed \u010das jeho startu do \u00favodn\u00ed \u010dasovky (\u010d\u00edslo 1 = 11:01 h). Z d\u016fvod\u016f pot\u0159eby v\u010dasn\u00e9ho stanoven\u00ed startovn\u00edho po\u0159ad\u00ed se obrac\u00edme na Petra \u0160vece a Viktora Zapletala se \u017e\u00e1dost\u00ed o zasl\u00e1n\u00ed seznamu t\u011bch z\u00e1vodn\u00edk\u016f, kter\u00e9 s sebou do Suchdola p\u0159ivezou, v\u010detn\u011b jejich v\u011bku \u010di speci\u00e1ln\u00ed kategorie (nap\u0159. handbike).<\/p>\n<p> Jak z v\u00fd\u0161e uveden\u00e9ho vypl\u00fdv\u00e1, bude \u0161ampion\u00e1t odstartov\u00e1n v 11:01 hodin. P\u0159i \u00fa\u010dasti v\u0161ech p\u0159edb\u011b\u017en\u011b p\u0159ihl\u00e1\u0161en\u00fdch by m\u011bl posledn\u00ed cyklista odstartovat v 11:25 h. P\u0159edpokl\u00e1dan\u00e9 ukon\u010den\u00ed \u010dasovky je tedy rozhodn\u011b p\u0159ed 11:45 h. P\u0159est\u00e1vka mezi prvn\u00ed a druhou \u010d\u00e1st\u00ed \u0161ampion\u00e1tu bude asi 45 minut, co\u017e znamen\u00e1, \u017ee z\u00e1vod na horsk\u00fdch kolech bude odstartov\u00e1n ve 12:30 h. P\u0159edpokl\u00e1dan\u00e1 maxim\u00e1ln\u00ed d\u00e9lka bikov\u00e9ho kl\u00e1n\u00ed je 60 minut a stejn\u011b dlouho bude trvat p\u0159est\u00e1vka p\u0159ed silni\u010dn\u00edm z\u00e1vodem. Jeho start je napl\u00e1nov\u00e1n na 14:30 h a ukon\u010den\u00ed nejpozd\u011bji v 16:00 h. Slavnostn\u00ed vyhl\u00e1\u0161en\u00ed v\u00fdsledk\u016f a p\u0159ed\u00e1n\u00ed cen v\u0161em startuj\u00edc\u00edm bude zah\u00e1jeno asi v 16:30 h. <\/p>\n<p> Pro \u010dasovku jednotlivc\u016f mohou z\u00e1vodn\u00edci pou\u017e\u00edt klasick\u00e9 silni\u010dn\u00ed kolo, pop\u0159. dopln\u011bn\u00e9 aerodynamick\u00fdmi prvky \u010di \u010dasovk\u00e1\u0159sk\u00fd speci\u00e1l \u2013 ve v\u0161ech p\u0159\u00edpadech pochopiteln\u011b odpov\u00eddaj\u00edc\u00ed standard\u016fm UCI. Povoleno je t\u00e9\u017e pou\u017eit\u00ed kola ter\u00e9nn\u00edho typu. V bikov\u00e9 \u010d\u00e1sti \u0161ampion\u00e1tu musej\u00ed z\u00e1vodn\u00edci pou\u017e\u00edt horsk\u00e9 kolo, pouze z\u00e1vodn\u00edci kategorie hobby (M39\/99H) mohou pou\u017e\u00edt tak\u00e9 jin\u00fd typ ter\u00e9nn\u00edho kola, nikoli v\u0161ak cyklokrosov\u00fd speci\u00e1l. Pro silni\u010dn\u00ed z\u00e1vod se spole\u010dn\u00fdm startem, kter\u00fd je z\u00e1v\u011bre\u010dnou \u010d\u00e1sti M-\u010cR, je mo\u017en\u00e9 pou\u017e\u00edt klasick\u00e9 silni\u010dn\u00ed kolo p\u0159\u00edp. t\u00e9\u017e kolo ter\u00e9nn\u00ed. <\/p>\n<p> Hodnocen\u00ed \u0161ampion\u00e1tu se bude prov\u00e1d\u011bt na z\u00e1klad\u011b bodov\u00e1n\u00ed, tzn. ka\u017ed\u00fd z\u00e1vodn\u00edk obdr\u017e\u00ed za sv\u016fj v\u00fdsledek po\u010det bod\u016f odpov\u00eddaj\u00edc\u00ed jeho um\u00edst\u011bn\u00ed. O kone\u010dn\u00e9m po\u0159ad\u00ed rozhodne sou\u010det bod\u016f. V p\u0159\u00edpad\u011b jejich rovnosti rozhoduje o po\u0159ad\u00ed v\u00fdsledek silni\u010dn\u00edho z\u00e1vodu.<\/p>\n<p> P\u0159edpokl\u00e1d\u00e1me, \u017ee v\u00fd\u0161e uveden\u00e9 informace posta\u010duj\u00ed k tomu, abyste z\u00edskali p\u0159ehled o pr\u016fb\u011bhu M-\u010cR-3K a jeho sportovn\u011b-technick\u00fdch z\u00e1le\u017eitostech. V p\u0159\u00edpad\u011b jak\u00fdchkoliv dotaz\u016f n\u00e1s kontaktujte na telefonn\u00edm \u010d\u00edsle 605 219 220 nebo na e-mailov\u00e9 adrese zavody@da-ba.com<\/p>\n<p> S pozdravem<br \/> Petr Barto\u0161, \u0159editel DA-BA &#8211; Povltavsk\u00e9 sportovn\u00ed extraligy<br \/> Rudolf Barto\u0161, prezident Povltavsk\u00e9ho sportovn\u00edho klubu DA-BA <\/p>\n<p> <img decoding=\"async\" src=\"\/wordpress\/image\/k_clankum\/cyklistika 2009 od 10.7. 004.jpg\"><\/p>\n","protected":false},"excerpt":{"rendered":"<a href=\"https:\/\/www.caths.cz\/wordpress\/pojed-s-nami-mistrovstvi-ceske-republiky-v-cyklisticke-trojkombinaci\/\"><img loading=\"lazy\" decoding=\"async\" width=\"100\" height=\"100\" src=\"https:\/\/www.caths.cz\/wordpress\/wp-content\/plugins\/thumbnail-for-excerpts\/tfe_no_thumb.png\" class=\"alignleft wp-post-image tfe\" alt=\"\" title=\"\" \/><\/a><p>Zveme v\u0161echny p\u0159\u00edznivce cyklistiky na z\u00e1vod v cyklistick\u00e9 trojkombinaci, kter\u00e1 bude z\u00e1rove\u0148 i ofici\u00e1ln\u00edm M\u010cR v t\u00e9to discipl\u00edn\u011b. Zaj\u00edmav\u00e9 pro v\u0161echny \u00fa\u010dastn\u00edky a div\u00e1ky jist\u011b bude i skute\u010dnost, \u017ee na [&hellip;]<\/p>\n","protected":false},"author":1,"featured_media":0,"comment_status":"closed","ping_status":"closed","sticky":false,"template":"","format":"standard","meta":{"ngg_post_thumbnail":0,"footnotes":""},"categories":[2],"tags":[],"class_list":["post-1129","post","type-post","status-publish","format-standard","hentry","category-cyklistika"],"_links":{"self":[{"href":"https:\/\/www.caths.cz\/wordpress\/wp-json\/wp\/v2\/posts\/1129","targetHints":{"allow":["GET"]}}],"collection":[{"href":"https:\/\/www.caths.cz\/wordpress\/wp-json\/wp\/v2\/posts"}],"about":[{"href":"https:\/\/www.caths.cz\/wordpress\/wp-json\/wp\/v2\/types\/post"}],"author":[{"embeddable":true,"href":"https:\/\/www.caths.cz\/wordpress\/wp-json\/wp\/v2\/users\/1"}],"replies":[{"embeddable":true,"href":"https:\/\/www.caths.cz\/wordpress\/wp-json\/wp\/v2\/comments?post=1129"}],"version-history":[{"count":0,"href":"https:\/\/www.caths.cz\/wordpress\/wp-json\/wp\/v2\/posts\/1129\/revisions"}],"wp:attachment":[{"href":"https:\/\/www.caths.cz\/wordpress\/wp-json\/wp\/v2\/media?parent=1129"}],"wp:term":[{"taxonomy":"category","embeddable":true,"href":"https:\/\/www.caths.cz\/wordpress\/wp-json\/wp\/v2\/categories?post=1129"},{"taxonomy":"post_tag","embeddable":true,"href":"https:\/\/www.caths.cz\/wordpress\/wp-json\/wp\/v2\/tags?post=1129"}],"curies":[{"name":"wp","href":"https:\/\/api.w.org\/{rel}","templated":true}]}}