{"id":1119,"date":"2009-08-17T09:00:55","date_gmt":"2009-08-17T08:00:55","guid":{"rendered":"http:\/\/www.caths.cz\/wordpress\/?p=1119"},"modified":"2009-08-17T09:00:55","modified_gmt":"2009-08-17T08:00:55","slug":"reprezentacni-tym-cyklistu-se-odjel-soustredit-do-hor","status":"publish","type":"post","link":"https:\/\/www.caths.cz\/wordpress\/reprezentacni-tym-cyklistu-se-odjel-soustredit-do-hor\/","title":{"rendered":"Reprezenta\u010dn\u00ed t\u00fdm cyklist\u016f se odjel soust\u0159edit do hor"},"content":{"rendered":"<p align=\"justify\">\n<p>V pln\u00e9 p\u0159\u00edprav\u011b, na bl\u00ed\u017e\u00edc\u00ed se silni\u010dn\u00ed mistrovstv\u00ed sv\u011bta v It\u00e1lii, jsou na\u0161i cyklist\u00e9. Kompletn\u00ed reprezenta\u010dn\u00ed t\u00fdm t\u011blesn\u011b a zrakov\u011b posti\u017een\u00fdch cyklist\u016f se od pond\u011bl\u00ed p\u0159ipravuje na Zadov\u011b v n\u00e1dhern\u00e9 \u0161umavsk\u00e9 p\u0159\u00edrod\u011b.<\/p>\n<p align=\"justify\"> Zpr\u00e1vy z t\u00fdmu jsou velmi optimistick\u00e9, nikdo nen\u00ed zran\u011bn\u00fd ani nemocn\u00fd a p\u0159\u00edprava prob\u00edh\u00e1 p\u0159esn\u011b podle pl\u00e1nu a je opravdu velmi n\u00e1ro\u010dn\u00e1. Cyklist\u00e9 u\u017e za sebou maj\u00ed objemovou \u010d\u00e1st tr\u00e9ninku, kterou absolvovali od po\u010d\u00e1tku m\u011bs\u00edce a nyn\u00ed tr\u00e9nuj\u00ed ve dvou f\u00e1z\u00edch.<br \/> Na dopoledn\u00ed, p\u0159ibli\u017en\u011b 100 km dlouh\u00fd, silni\u010dn\u00ed tr\u00e9nink navazuje odpoledn\u00ed, p\u0159\u00edprava na \u010dasovk\u00e1\u0159sk\u00fdch speci\u00e1lech. <\/p>\n<p> <img decoding=\"async\" src=\"\/wordpress\/image\/k_clankum\/cyklistika 2009 od 10.7. 067.jpg\"><\/p>\n","protected":false},"excerpt":{"rendered":"<a href=\"https:\/\/www.caths.cz\/wordpress\/reprezentacni-tym-cyklistu-se-odjel-soustredit-do-hor\/\"><img loading=\"lazy\" decoding=\"async\" width=\"100\" height=\"100\" src=\"https:\/\/www.caths.cz\/wordpress\/wp-content\/plugins\/thumbnail-for-excerpts\/tfe_no_thumb.png\" class=\"alignleft wp-post-image tfe\" alt=\"\" title=\"\" \/><\/a><p>V pln\u00e9 p\u0159\u00edprav\u011b, na bl\u00ed\u017e\u00edc\u00ed se silni\u010dn\u00ed mistrovstv\u00ed sv\u011bta v It\u00e1lii, jsou na\u0161i cyklist\u00e9. Kompletn\u00ed reprezenta\u010dn\u00ed t\u00fdm t\u011blesn\u011b a zrakov\u011b posti\u017een\u00fdch cyklist\u016f se od pond\u011bl\u00ed p\u0159ipravuje na Zadov\u011b v n\u00e1dhern\u00e9 [&hellip;]<\/p>\n","protected":false},"author":1,"featured_media":0,"comment_status":"closed","ping_status":"closed","sticky":false,"template":"","format":"standard","meta":{"ngg_post_thumbnail":0,"footnotes":""},"categories":[2],"tags":[],"class_list":["post-1119","post","type-post","status-publish","format-standard","hentry","category-cyklistika"],"_links":{"self":[{"href":"https:\/\/www.caths.cz\/wordpress\/wp-json\/wp\/v2\/posts\/1119","targetHints":{"allow":["GET"]}}],"collection":[{"href":"https:\/\/www.caths.cz\/wordpress\/wp-json\/wp\/v2\/posts"}],"about":[{"href":"https:\/\/www.caths.cz\/wordpress\/wp-json\/wp\/v2\/types\/post"}],"author":[{"embeddable":true,"href":"https:\/\/www.caths.cz\/wordpress\/wp-json\/wp\/v2\/users\/1"}],"replies":[{"embeddable":true,"href":"https:\/\/www.caths.cz\/wordpress\/wp-json\/wp\/v2\/comments?post=1119"}],"version-history":[{"count":0,"href":"https:\/\/www.caths.cz\/wordpress\/wp-json\/wp\/v2\/posts\/1119\/revisions"}],"wp:attachment":[{"href":"https:\/\/www.caths.cz\/wordpress\/wp-json\/wp\/v2\/media?parent=1119"}],"wp:term":[{"taxonomy":"category","embeddable":true,"href":"https:\/\/www.caths.cz\/wordpress\/wp-json\/wp\/v2\/categories?post=1119"},{"taxonomy":"post_tag","embeddable":true,"href":"https:\/\/www.caths.cz\/wordpress\/wp-json\/wp\/v2\/tags?post=1119"}],"curies":[{"name":"wp","href":"https:\/\/api.w.org\/{rel}","templated":true}]}}