{"id":1112,"date":"2009-08-06T08:22:08","date_gmt":"2009-08-06T07:22:08","guid":{"rendered":"http:\/\/www.caths.cz\/wordpress\/?p=1112"},"modified":"2009-08-06T08:22:08","modified_gmt":"2009-08-06T07:22:08","slug":"jiri-jezek-absolvoval-exhibicni-zavod-s-kompletni-profesionalni-spickou-v-zavode-city-nacht-rhede","status":"publish","type":"post","link":"https:\/\/www.caths.cz\/wordpress\/jiri-jezek-absolvoval-exhibicni-zavod-s-kompletni-profesionalni-spickou-v-zavode-city-nacht-rhede\/","title":{"rendered":"Ji\u0159\u00ed Je\u017eek absolvoval exhibi\u010dn\u00ed z\u00e1vod s kompletn\u00ed profesion\u00e1ln\u00ed \u0161pi\u010dkou v z\u00e1vod\u011b City Nacht Rhede"},"content":{"rendered":"<p align=\"justify\">\nTradi\u010dn\u011b prvn\u00ed p\u00e1tek po Tour de France pat\u0159il i letos profesion\u00e1ln\u00edmu cyklistick\u00e9mu z\u00e1vodu \u201eCity Nacht Rhede\u201c v malebn\u00e9m m\u011bste\u010dku na n\u011bmecko-holandsk\u00fdch hranic\u00edch . Mezi pozvan\u00fdmi hv\u011bzdami sv\u011btov\u00e9ho profipelotonu a leto\u0161n\u00ed Tour de France dostal ji\u017e pot\u0159et\u00ed nechyb\u011bl jeden z nej\u00fasp\u011b\u0161n\u011bj\u0161\u00edch a nejzn\u00e1m\u011bj\u0161\u00edch hendikepovan\u00fdch cyklist\u016f sv\u011bta Jirka Je\u017eek. <\/p>\n<p align=\"justify\"> Skv\u011bl\u00e1 atmosf\u00e9ra z\u00e1vodu, kter\u00e9mu podle organiz\u00e1tor\u016f p\u0159ihl\u00ed\u017eelo na 20.000 div\u00e1k\u016f, technicky n\u00e1ro\u010dn\u00fd okruh o d\u00e9lce 1400m s osmi zat\u00e1\u010dkami, celkov\u00fdch 98km ve vysok\u00e9m tempu \u0161pi\u010dkov\u00fdch z\u00e1vodn\u00edk\u016f, start ve 22:30 a c\u00edl dlouho po p\u016flnoci \u2013 to jsou atributy z\u00e1vodu, kter\u00fd je pro Jirku nejen velice presti\u017en\u00ed, ale i jedn\u00edm z nejobl\u00edben\u011bj\u0161\u00edch. Pades\u00e1tka vybran\u00fdch z\u00e1vodn\u00edk\u016f, mezi nimi\u017e byl letos t\u0159eba v\u00edt\u011bz etapy na Tour Heinrich Haussler (C\u00e9rvelo), dr\u017eitel b\u00edl\u00e9ho trikotu Tour Tony Martin (Columbia-HTC), Fabian Wegmann (Milram) \u010di Grischa Niermann (Rabobank) ud\u00e1vala strhuj\u00edc\u00ed tempo, kter\u00e9 bylo pro Jirku docela tvrdou zkou\u0161kou. <br \/><em> \u201eJe skv\u011bl\u00e9, \u017ee m\u00e1m mo\u017enost z\u00e1vodit s takov\u00fdmi hv\u011bzdami sv\u011btov\u00e9ho profesion\u00e1ln\u00edho pelotonu. Je to \u00fa\u017easn\u00e1 reklama nejen pro m\u011b a moje sponzory, ale i pro celou paralympijskou cyklistiku. Z\u00e1rove\u0148 je ale stra\u0161n\u011b zn\u00e1t, na jak \u0161pi\u010dkov\u00e9 \u00farovni jsou z\u00e1vodn\u00edci, kte\u0159\u00ed jezd\u00ed Tour de France a dok\u00e1\u017e\u00ed tam v\u00edt\u011bzit. Je to stra\u0161nej mazec! Hned po startu jsem se propadl na konec pelotonu a tam jsem z\u016fstal a\u017e do c\u00edle. P\u0159edj\u00ed\u017ed\u011bl jsem jen ty, kte\u0159\u00ed odpadali. Nav\u00edc t\u00e9m\u011b\u0159 sto kilometr\u016f v takov\u00e9m tempu se docela zaj\u00edd\u00e1. Davy lid\u00ed \u017eenou z\u00e1vodn\u00edky po celou dobu, prakticky se jede neust\u00e1le naplno. Vydr\u017eel jsem jen d\u00edky \u00fa\u017easn\u00e9 atmosf\u00e9\u0159e \u2013 div\u00e1ci mi tady stra\u0161n\u011b fand\u00ed, je to \u00fa\u017easn\u00fd pocit! Ob\u010das mi a\u017e naskakovala hus\u00ed k\u016f\u017ee. P\u0159i samotn\u00e9m z\u00e1vod\u011b se mus\u00edm stoprocentn\u011b soust\u0159edit, abych neud\u011blal sebemen\u0161\u00ed chybu, ale p\u0159esto tu nepopsatelnou atmosf\u00e9ru samoz\u0159ejm\u011b vn\u00edm\u00e1m a u\u017e\u00edv\u00e1m si ji! Let\u00edte pades\u00e1tkou osv\u011btlenou no\u010dn\u00ed ulic\u00ed a davy lid\u00ed kolem trati \u0159vou v ka\u017ed\u00e9m kole va\u0161e jm\u00e9no&#8230; Super! Ale p\u0159izn\u00e1v\u00e1m, \u017ee v c\u00edli jsem toho m\u011bl dost. Ale ani ostatn\u00ed nevypadali, \u017ee by se fl\u00e1kali&#8230; Mysl\u00edm, \u017ee si to u\u017eili jak div\u00e1ci, tak i z\u00e1vodn\u00edci!\u201c <\/em><br \/> Nakonec Jirka projel c\u00edlem jako 36. se ztr\u00e1tou 1:17 na v\u00edt\u011bzn\u00e9ho Tony Martina z t\u00fdmu Columbia-HTC. <br \/> Tento hv\u011bzdn\u00fd z\u00e1vod byl pro Jirku Je\u017eka posledn\u00edm startem v prvn\u00ed polovin\u011b sez\u00f3ny. Ta byla nejen dost dlouh\u00e1 (odstartoval ji seri\u00e1lem profikrit\u00e9ri\u00ed v Austr\u00e1lii ji\u017e 2.ledna), ale i trochu smoln\u00e1 (infekce salmonely, zlomen\u00e9 \u017eebro, a pod.). <br \/>P\u0159esto byla prvn\u00ed \u010d\u00e1st sez\u00f3ny docela \u00fasp\u011b\u0161n\u00e1. Nyn\u00ed \u010dek\u00e1 Jirku zaslou\u017een\u00e1 t\u00fddenn\u00ed dovolen\u00e1. Doufejme, \u017ee se mu tak poda\u0159\u00ed ne\u010derpat s\u00edlu a energii do z\u00e1v\u011bre\u010dn\u00e9 p\u0159\u00edpravy na silni\u010dn\u00ed MS, kter\u00e9 se kon\u00e1 u\u017e za p\u011bt t\u00fddn\u016f v It\u00e1lii. <\/p>\n<p> <img decoding=\"async\" src=\"\/wordpress\/image\/k_clankum\/rhede09\/rhede_plakat09.jpg\"><\/p>\n<p> <img decoding=\"async\" src=\"\/wordpress\/image\/k_clankum\/rhede09\/Prvni kolo po startu.JPG\"><\/p>\n<p> <img decoding=\"async\" src=\"\/wordpress\/image\/k_clankum\/rhede09\/Pozdejsi vitez Tony Martin.JPG\"><br \/> Pozd\u011bj\u0161\u00ed v\u00edt\u011bz Tony Martin<br \/> <img decoding=\"async\" src=\"\/wordpress\/image\/k_clankum\/rhede09\/Fabian Wegmann.JPG\"><br \/>Fabian Wegmann<br \/> <img decoding=\"async\" src=\"\/wordpress\/image\/k_clankum\/rhede09\/Po padesati kolech uz muzete jezdit poslepu....JPG\"><\/p>\n<p> <img decoding=\"async\" src=\"\/wordpress\/image\/k_clankum\/rhede09\/Jirka sjizdi malou ztratu.JPG\"><\/p>\n<p> <img decoding=\"async\" src=\"\/wordpress\/image\/k_clankum\/rhede09\/H.Haussler na spici.JPG\"><br \/>H. Haussler<br \/> <img decoding=\"async\" src=\"\/wordpress\/image\/k_clankum\/rhede09\/H.Haussler a za nim D.Hondo.JPG\"><br \/>H . Haussler a D. Hondo<br \/> <img decoding=\"async\" src=\"\/wordpress\/image\/k_clankum\/rhede09\/Vitezny Tony Martin projizdi cilem.JPG\"><br \/>V\u00edt\u011bz Tony Martin v c\u00edli<br \/> <img decoding=\"async\" src=\"\/wordpress\/image\/k_clankum\/rhede09\/Cil a podekovani divakum.JPG\"><\/p>\n","protected":false},"excerpt":{"rendered":"<a href=\"https:\/\/www.caths.cz\/wordpress\/jiri-jezek-absolvoval-exhibicni-zavod-s-kompletni-profesionalni-spickou-v-zavode-city-nacht-rhede\/\"><img loading=\"lazy\" decoding=\"async\" width=\"100\" height=\"100\" src=\"https:\/\/www.caths.cz\/wordpress\/wp-content\/plugins\/thumbnail-for-excerpts\/tfe_no_thumb.png\" class=\"alignleft wp-post-image tfe\" alt=\"\" title=\"\" \/><\/a><p>Tradi\u010dn\u011b prvn\u00ed p\u00e1tek po Tour de France pat\u0159il i letos profesion\u00e1ln\u00edmu cyklistick\u00e9mu z\u00e1vodu \u201eCity Nacht Rhede\u201c v malebn\u00e9m m\u011bste\u010dku na n\u011bmecko-holandsk\u00fdch hranic\u00edch . Mezi pozvan\u00fdmi hv\u011bzdami sv\u011btov\u00e9ho profipelotonu a leto\u0161n\u00ed [&hellip;]<\/p>\n","protected":false},"author":1,"featured_media":0,"comment_status":"closed","ping_status":"closed","sticky":false,"template":"","format":"standard","meta":{"ngg_post_thumbnail":0,"footnotes":""},"categories":[2],"tags":[],"class_list":["post-1112","post","type-post","status-publish","format-standard","hentry","category-cyklistika"],"_links":{"self":[{"href":"https:\/\/www.caths.cz\/wordpress\/wp-json\/wp\/v2\/posts\/1112","targetHints":{"allow":["GET"]}}],"collection":[{"href":"https:\/\/www.caths.cz\/wordpress\/wp-json\/wp\/v2\/posts"}],"about":[{"href":"https:\/\/www.caths.cz\/wordpress\/wp-json\/wp\/v2\/types\/post"}],"author":[{"embeddable":true,"href":"https:\/\/www.caths.cz\/wordpress\/wp-json\/wp\/v2\/users\/1"}],"replies":[{"embeddable":true,"href":"https:\/\/www.caths.cz\/wordpress\/wp-json\/wp\/v2\/comments?post=1112"}],"version-history":[{"count":0,"href":"https:\/\/www.caths.cz\/wordpress\/wp-json\/wp\/v2\/posts\/1112\/revisions"}],"wp:attachment":[{"href":"https:\/\/www.caths.cz\/wordpress\/wp-json\/wp\/v2\/media?parent=1112"}],"wp:term":[{"taxonomy":"category","embeddable":true,"href":"https:\/\/www.caths.cz\/wordpress\/wp-json\/wp\/v2\/categories?post=1112"},{"taxonomy":"post_tag","embeddable":true,"href":"https:\/\/www.caths.cz\/wordpress\/wp-json\/wp\/v2\/tags?post=1112"}],"curies":[{"name":"wp","href":"https:\/\/api.w.org\/{rel}","templated":true}]}}